{"id":55587,"date":"2019-06-12T23:43:35","date_gmt":"2019-06-12T23:43:35","guid":{"rendered":"https:\/\/colimdo.org\/?p=55587"},"modified":"2019-06-12T23:44:54","modified_gmt":"2019-06-12T23:44:54","slug":"resaltan-la-trayectoria-yuderqui-contreras","status":"publish","type":"post","link":"https:\/\/colimdo.org\/noticias\/resaltan-la-trayectoria-yuderqui-contreras\/","title":{"rendered":"Resaltan la trayectoria en el deporte de Yuderqui Contreras"},"content":{"rendered":"<p>SANTO DOMINGO, HANLY RAM\u00cdREZ.- El Comit\u00e9 Ol\u00edmpico Dominicano (COD), el Ministerio de Deportes y la Federaci\u00f3n Dominicana de Levantamiento de Pesas celebr\u00f3 este mi\u00e9rcoles un gran homenaje a Yuderqui Contreras con motivo de su retiro de la actividad como atleta de levantamiento de pesas, en el cual varias personalidades destacaron su trayectoria de \u00e9xito.<\/p>\n<p>\u201cEst\u00e1 despedida est\u00e1 edificada sobre la base de una serie de resultados, que lejos de provocar tristeza, provocan orgullo y definen una actuaci\u00f3n memorable de alguien que hoy estamos despidiendo con honores. Como t\u00fa pocas, como atleta grande, pero grande. Gracias Yudelqui\u201d, as\u00ed se expres\u00f3 el presidente del COD, Luis Mej\u00eda Oviedo sobre Contreras \u00a0en el evento celebrado en el sal\u00f3n Juan Ulises Garc\u00eda Saleta (Wiche), del Comit\u00e9 Ol\u00edmpico Dominicano.<\/p>\n<p>Por su parte el ministro de Deportes, Danilo D\u00edaz, destac\u00f3 la figura de Yuderqui como un ente de uni\u00f3n entre la poblaci\u00f3n dominicana y como un modelo a seguir por los atletas.<\/p>\n<p>\u201cEs un gran ejemplo. Es de las que han puesto a la Rep\u00fablica Dominicana en la misma direcci\u00f3n. Nos hace sentir muy orgullosos. Yuderki inspira a los futuros atletas del pa\u00eds\u201d, dijo D\u00edaz.<\/p>\n<p>El empresario y presidente del grupo Creso, Felipe Vicini, destac\u00f3 la calidad humana de la hoy ex atleta, as\u00ed como su liderazgo dentro del deporte.<\/p>\n<p>\u201cA parte de ser una gran atleta, es una gran persona, es un modelo l\u00edder para los dem\u00e1s atletas. Felicidades por tu carrera\u201d.<\/p>\n<p>El presidente de la Federaci\u00f3n Dominicana de Pesas, William Ozuna se\u00f1al\u00f3 a Yuderki, \u201ccomo la mejor atleta libra por libra que ha tenido la Federaci\u00f3n Dominicana de Pesas\u201d, exclam\u00f3 el federado quien dijo sentirse orgulloso de ver concluir esta gran carrera.<\/p>\n<p>Otra inmortal de levantamientos de pesas, como lo es Wanda Rijo, resalt\u00f3 la importancia de este homenaje a una atleta de la calidad de Yudelqui Contreras, no solo para los atletas sino para el pa\u00eds.<\/p>\n<p>El reconocimiento mostrado a Yuderqui en la despedida de este mi\u00e9rcoles es un elemento que les ha servido de motivaci\u00f3n a atletas como Zacaria Bonnat, quien qued\u00f3 impresionado por el respeto mostrado a la atleta quien puso el nombre del pa\u00eds en alto en eventos internacionales.<\/p>\n<p>\u201cEs algo que me llena de orgullo y satisfacci\u00f3n, poder ver como el pueblo celebra el retiro de una atleta que ha tenido una trayectoria tan larga, llena de logros y \u00e9xitos\u201d.<\/p>\n<p>Otra reina del deporte dominicano, como lo es Contreras, lo es Gina Mambr\u00fa, quien no ocult\u00f3 su orgullo por la forma en la que fue despedida Yuderqui.<\/p>\n<p>\u201cMe siento muy orgullosa de ella y de estar presente en un momento tan importante para ella. Es admirable que pueda terminar su carrera en esta plataforma y por todo lo alto\u201d, concluyo Mambr\u00fa.<\/p>\n","protected":false},"excerpt":{"rendered":"<p>Yuderqui Contreras fue honrada tras anunciar su retiro como atleta. <\/p>\n","protected":false},"author":16,"featured_media":55588,"comment_status":"closed","ping_status":"closed","sticky":false,"template":"","format":"standard","meta":[],"categories":[2,60],"tags":[],"acf":[],"_links":{"self":[{"href":"https:\/\/colimdo.org\/wp-api\/wp\/v2\/posts\/55587"}],"collection":[{"href":"https:\/\/colimdo.org\/wp-api\/wp\/v2\/posts"}],"about":[{"href":"https:\/\/colimdo.org\/wp-api\/wp\/v2\/types\/post"}],"author":[{"embeddable":true,"href":"https:\/\/colimdo.org\/wp-api\/wp\/v2\/users\/16"}],"replies":[{"embeddable":true,"href":"https:\/\/colimdo.org\/wp-api\/wp\/v2\/comments?post=55587"}],"version-history":[{"count":2,"href":"https:\/\/colimdo.org\/wp-api\/wp\/v2\/posts\/55587\/revisions"}],"predecessor-version":[{"id":55594,"href":"https:\/\/colimdo.org\/wp-api\/wp\/v2\/posts\/55587\/revisions\/55594"}],"wp:featuredmedia":[{"embeddable":true,"href":"https:\/\/colimdo.org\/wp-api\/wp\/v2\/media\/55588"}],"wp:attachment":[{"href":"https:\/\/colimdo.org\/wp-api\/wp\/v2\/media?parent=55587"}],"wp:term":[{"taxonomy":"category","embeddable":true,"href":"https:\/\/colimdo.org\/wp-api\/wp\/v2\/categories?post=55587"},{"taxonomy":"post_tag","embeddable":true,"href":"https:\/\/colimdo.org\/wp-api\/wp\/v2\/tags?post=55587"}],"curies":[{"name":"wp","href":"https:\/\/api.w.org\/{rel}","templated":true}]}}