{"id":55589,"date":"2019-06-12T20:04:55","date_gmt":"2019-06-12T20:04:55","guid":{"rendered":"https:\/\/colimdo.org\/?p=55589"},"modified":"2019-06-12T20:16:22","modified_gmt":"2019-06-12T20:16:22","slug":"cod-notifica-la-fedobe-no-reconoce-directiva","status":"publish","type":"post","link":"https:\/\/colimdo.org\/noticias\/cod-notifica-la-fedobe-no-reconoce-directiva\/","title":{"rendered":"COD notifica a la FEDOBE que no reconoce directiva"},"content":{"rendered":"<div class=\"x_ydp1c35f3c2yahoo-style-wrap\">\n<div>SANTO DOMINGO.- El Comit\u00e9 Ol\u00edmpico Dominicano (COD) inform\u00f3 a la Federaci\u00f3n Dominicana de B\u00e9isbol (Fedobe) que \u201cno reconoce, ni reconocer\u00e1 ninguna designaci\u00f3n que no est\u00e9 sujeta al estricto cumplimiento de sus Estatutos\u201d.<\/div>\n<\/div>\n<div id=\"x_ydp530415d1yahoo_quoted_0723068416\" class=\"x_ydp530415d1yahoo_quoted\">\n<div id=\"x_ydp530415d1yiv5185325364\">\n<div class=\"x_ydp530415d1yiv5185325364yahoo-style-wrap\">\n<p class=\"x_ydp530415d1yiv5185325364ydp5ebb1d18MsoNormal\"><span lang=\"ES-TRAD\">Esta decisi\u00f3n est\u00e1 fundamentada en el hecho comprobado de que \u201cno se realiz\u00f3 el debido proceso que valide la designaci\u00f3n\u201d Juan N\u00fa\u00f1ez Nepumuceno y la direcci\u00f3n ejecutiva de la Fedobe, luego del fallecimiento de H\u00e9ctor Pereyra, quien al momento de su deceso era el presidente de ese organismo.<\/span><\/p>\n<p class=\"x_ydp530415d1yiv5185325364ydp5ebb1d18MsoNormal\"><span lang=\"ES-TRAD\">Mediante una comunicaci\u00f3n de fecha 11 de junio del a\u00f1o en curso, dirigida a la Federaci\u00f3n Dominicana de B\u00e9isbol, indica que pone a su conocimiento que en una reuni\u00f3n realizada el pasado martes, donde fue analizado el proceso donde se escogi\u00f3 la sucesi\u00f3n del cargo de Presidente de la Fedobe, en la persona de Juan N\u00fa\u00f1ez Nepumuceno.<\/span><\/p>\n<p class=\"x_ydp530415d1yiv5185325364ydp5ebb1d18MsoNormal\"><span lang=\"ES-TRAD\">Una copia de la carta donde se hace la notificaci\u00f3n a los miembros de la Fedobe fue enviada al Ministro de Deportes, licenciado Danilo D\u00edaz Vizca\u00edno y al presidente de la Federaci\u00f3n Internacional de B\u00e9isbol y Softbol, Riccardo Fraccari.<\/span><\/p>\n<p class=\"x_ydp530415d1yiv5185325364ydp5ebb1d18MsoNormal\"><span lang=\"ES-TRAD\">A continuaci\u00f3n el texto de la comunicaci\u00f3n dirigida a la Fedobe:<\/span><\/p>\n<p class=\"x_ydp530415d1yiv5185325364ydp5ebb1d18MsoNormal\"><span lang=\"ES-TRAD\">\u201cUna vez concluida la Eucarist\u00eda de Novenario en memoria de su difunto Presidente, H\u00e9ctor Pereyra,\u00a0 celebrada el martes 4 de junio de 2019, en la iglesia San Jos\u00e9 Nonato en Santiago de los Caballeros, expresamos a su directivo Juan N\u00fa\u00f1ez Nepomuceno el inter\u00e9s de realizar una pronta reuni\u00f3n para establecer claridad sobre el cambio de direcci\u00f3n ejecutiva de la Federaci\u00f3n Dominicana de B\u00e9isbol (FEDOBE.<\/span><\/p>\n<p class=\"x_ydp530415d1yiv5185325364ydp5ebb1d18MsoNormal\"><span lang=\"ES-TRAD\">\u201cPonemos a su conocimiento que esta reuni\u00f3n se materializ\u00f3 hoy, martes 11 de junio en horas del mediod\u00eda en nuestro Despacho del Comit\u00e9 Ol\u00edmpico Dominicano donde cuestionamos el procedimiento llevado a cabo para la\u00a0<\/span>sucesi\u00f3n del cargo Presidente FEDOBE en la persona de Juan N\u00fa\u00f1ez Nepomuceno.<\/p>\n<p class=\"x_ydp530415d1yiv5185325364ydp5ebb1d18MsoNormal\"><span lang=\"ES-TRAD\">\u201cUna vez comprobado que no se realiz\u00f3 el debido proceso que valide la designaci\u00f3n antes mencionada, nos permitimos notificarles que esta carece de legalidad y por ende el Comit\u00e9 Ol\u00edmpico Dominicano, no reconoce ni reconocer\u00e1 ninguna designaci\u00f3n que no est\u00e9 sujeta al estricto cumplimiento de sus Estatutos.<\/span><\/p>\n<p class=\"x_ydp530415d1yiv5185325364ydp5ebb1d18MsoNormal\"><span lang=\"ES-TRAD\">\u201cEn tal virtud les exhortamos acatar lo antes se\u00f1alado y actuar conforme lo establece su actual Carta Constitutiva.<\/span><\/p>\n<p class=\"x_ydp530415d1yiv5185325364ydp5ebb1d18MsoNormal\"><span lang=\"ES-TRAD\">\u201cHemos comisionado a nuestro directivo Luis Jos\u00e9 Chanlatte, en su calidad de enlace Comit\u00e9 Ol\u00edmpico Dominicano-FEDOBE, la de supervisar y\/o observar los siguientes pasos que envuelve esta situaci\u00f3n.<\/span><\/p>\n<p class=\"x_ydp530415d1yiv5185325364ydp5ebb1d18MsoNormal\"><span lang=\"ES-TRAD\">\u201cLes notificamos que esta decisi\u00f3n ser\u00e1 informada a las Autoridades Deportivas correspondientes, tanto Nacionales como Internacionales relacionadas con la FEDOBE\u201d.<\/span><\/p>\n<p class=\"x_ydp530415d1yiv5185325364ydp5ebb1d18MsoNormal\"><span lang=\"ES-TRAD\">La carta est\u00e1 firmada por Luis Mej\u00eda Oviedo, presidente del COD.<\/span><\/p>\n<\/div>\n<\/div>\n<\/div>\n","protected":false},"excerpt":{"rendered":"<p>Esta decisi\u00f3n est\u00e1 fundamentada en el hecho comprobado de que \u201cno se realiz\u00f3 el debido proceso que valide la designaci\u00f3n\u201d Juan N\u00fa\u00f1ez Nepumuceno y la direcci\u00f3n ejecutiva de la Fedobe, luego del fallecimiento de H\u00e9ctor Pereyra, quien al momento de su deceso era el presidente de ese organismo.<\/p>\n","protected":false},"author":16,"featured_media":55590,"comment_status":"closed","ping_status":"closed","sticky":false,"template":"","format":"standard","meta":[],"categories":[2,60],"tags":[],"acf":[],"_links":{"self":[{"href":"https:\/\/colimdo.org\/wp-api\/wp\/v2\/posts\/55589"}],"collection":[{"href":"https:\/\/colimdo.org\/wp-api\/wp\/v2\/posts"}],"about":[{"href":"https:\/\/colimdo.org\/wp-api\/wp\/v2\/types\/post"}],"author":[{"embeddable":true,"href":"https:\/\/colimdo.org\/wp-api\/wp\/v2\/users\/16"}],"replies":[{"embeddable":true,"href":"https:\/\/colimdo.org\/wp-api\/wp\/v2\/comments?post=55589"}],"version-history":[{"count":1,"href":"https:\/\/colimdo.org\/wp-api\/wp\/v2\/posts\/55589\/revisions"}],"predecessor-version":[{"id":55591,"href":"https:\/\/colimdo.org\/wp-api\/wp\/v2\/posts\/55589\/revisions\/55591"}],"wp:featuredmedia":[{"embeddable":true,"href":"https:\/\/colimdo.org\/wp-api\/wp\/v2\/media\/55590"}],"wp:attachment":[{"href":"https:\/\/colimdo.org\/wp-api\/wp\/v2\/media?parent=55589"}],"wp:term":[{"taxonomy":"category","embeddable":true,"href":"https:\/\/colimdo.org\/wp-api\/wp\/v2\/categories?post=55589"},{"taxonomy":"post_tag","embeddable":true,"href":"https:\/\/colimdo.org\/wp-api\/wp\/v2\/tags?post=55589"}],"curies":[{"name":"wp","href":"https:\/\/api.w.org\/{rel}","templated":true}]}}