{"id":55599,"date":"2019-06-12T22:25:03","date_gmt":"2019-06-12T22:25:03","guid":{"rendered":"https:\/\/colimdo.org\/?p=55599"},"modified":"2019-06-12T22:25:03","modified_gmt":"2019-06-12T22:25:03","slug":"kevin-durant-se-rompio-tendon-aquiles-fue-operado","status":"publish","type":"post","link":"https:\/\/colimdo.org\/noticias\/kevin-durant-se-rompio-tendon-aquiles-fue-operado\/","title":{"rendered":"Kevin Durant se rompi\u00f3 el tend\u00f3n de Aquiles y fue operado"},"content":{"rendered":"<p>ESPN. El alero de los Golden State Warriors, Kevin Durant, anunci\u00f3 que se rompi\u00f3 el tend\u00f3n de Aquiles y se someti\u00f3 a una cirug\u00eda el mi\u00e9rcoles.<\/p>\n<p>Kevin Durant public\u00f3 una foto despu\u00e9s de la cirug\u00eda en Instagram el mi\u00e9rcoles por la tarde, confirmando que sufri\u00f3 la rotura del tend\u00f3n de Aquiles en el Juego 5 de las Finales de la NBA.<\/p>\n<p>&#8220;Romp\u00ed mi Aquiles. La cirug\u00eda fue hoy y fue un \u00e9xito&#8221;, escribi\u00f3. Agreg\u00f3: &#8220;Me duele profundamente, pero estoy bien. El baloncesto es mi mayor amor y quer\u00eda estar all\u00ed esa noche porque eso es lo que hago. Quer\u00eda ayudar a mis compa\u00f1eros de equipo en nuestra b\u00fasqueda del tercer t\u00edtulo&#8221;.<\/p>\n<p>&#8220;\u00a1Mi camino de regreso comienza ahora! Tengo a mi familia y a mis seres queridos a mi lado y apreciamos sinceramente todos los mensajes y el apoyo que las personas nos han enviado. Como dije el lunes, me duele profundamente, pero estoy bien&#8221;.<\/p>\n<p>El entrenador de los Warriors, Steve Kerr, hab\u00eda dicho este mi\u00e9rcoles al mediod\u00eda, en confidencia de prensa que a\u00fan desconoc\u00edan el resultado del estudio de resonancia magn\u00e9tica practicada a Durant en Nueva York.<\/p>\n<p>Apenas minutos despu\u00e9s, se confirm\u00f3 la lesi\u00f3n y poco tiempo despu\u00e9s fue cuando Durant p\u00fablic\u00f3 su propia fotograf\u00eda en un hospital, al salir de la operaci\u00f3n.<\/p>\n<p>&#8220;KD fue autorizado por multiples partes, incluido un consultor externo&#8221;, dijo Kerr en conferencia de prensa. &#8220;S\u00f3lo hablaron sobre la preocupaci\u00f3n de que se agravara su lesi\u00f3n en la pantorrilla. Aquiles nunca fue tema&#8221;.<\/p>\n<p>&#8220;\u00bfQu\u00e9 si yo regresar\u00eda y lo har\u00eda otra vez? Por supuesto que s\u00ed&#8221;.<\/p>\n<p>Durant abandon\u00f3 con su lesi\u00f3n el Juego 5 con 9:46 por disputarse en el segundo periodo; hab\u00eda anotado 11 puntos y jugado buena defensa.<\/p>\n<p>&#8220;Vamos a tener que encontrar maneras de ganar sin \u00e9l y para \u00e9l&#8221;, dijo Draymond Green. &#8220;Ya hab\u00edamos competido sin \u00e9l en parte de esta postemporada; tendremos que seguir sin \u00e9l&#8221;.<\/p>\n","protected":false},"excerpt":{"rendered":"<p>Kevin Durant public\u00f3 una foto despu\u00e9s de la cirug\u00eda en Instagram el mi\u00e9rcoles por la tarde, confirmando que sufri\u00f3 la rotura del tend\u00f3n de Aquiles en el Juego 5 de las Finales de la NBA.<\/p>\n","protected":false},"author":16,"featured_media":55600,"comment_status":"closed","ping_status":"closed","sticky":false,"template":"","format":"standard","meta":[],"categories":[2,60],"tags":[],"acf":[],"_links":{"self":[{"href":"https:\/\/colimdo.org\/wp-api\/wp\/v2\/posts\/55599"}],"collection":[{"href":"https:\/\/colimdo.org\/wp-api\/wp\/v2\/posts"}],"about":[{"href":"https:\/\/colimdo.org\/wp-api\/wp\/v2\/types\/post"}],"author":[{"embeddable":true,"href":"https:\/\/colimdo.org\/wp-api\/wp\/v2\/users\/16"}],"replies":[{"embeddable":true,"href":"https:\/\/colimdo.org\/wp-api\/wp\/v2\/comments?post=55599"}],"version-history":[{"count":1,"href":"https:\/\/colimdo.org\/wp-api\/wp\/v2\/posts\/55599\/revisions"}],"predecessor-version":[{"id":55601,"href":"https:\/\/colimdo.org\/wp-api\/wp\/v2\/posts\/55599\/revisions\/55601"}],"wp:featuredmedia":[{"embeddable":true,"href":"https:\/\/colimdo.org\/wp-api\/wp\/v2\/media\/55600"}],"wp:attachment":[{"href":"https:\/\/colimdo.org\/wp-api\/wp\/v2\/media?parent=55599"}],"wp:term":[{"taxonomy":"category","embeddable":true,"href":"https:\/\/colimdo.org\/wp-api\/wp\/v2\/categories?post=55599"},{"taxonomy":"post_tag","embeddable":true,"href":"https:\/\/colimdo.org\/wp-api\/wp\/v2\/tags?post=55599"}],"curies":[{"name":"wp","href":"https:\/\/api.w.org\/{rel}","templated":true}]}}