{"id":55602,"date":"2019-06-12T22:28:27","date_gmt":"2019-06-12T22:28:27","guid":{"rendered":"https:\/\/colimdo.org\/?p=55602"},"modified":"2019-06-12T22:28:27","modified_gmt":"2019-06-12T22:28:27","slug":"alberto-puello-jonathan-alonso-se-disputaran-rd-titulo-mundial-la-amb","status":"publish","type":"post","link":"https:\/\/colimdo.org\/noticias\/alberto-puello-jonathan-alonso-se-disputaran-rd-titulo-mundial-la-amb\/","title":{"rendered":"Alberto Puello y Jonathan Alonso se disputar\u00e1n en RD t\u00edtulo mundial de la AMB"},"content":{"rendered":"<p class=\"x_MsoNormal\">SANTO DOMINGO. Los invictos boxeadores dominicanos Alberto \u201cLa Avispa\u201d Puello y Jonathan \u201cMaravilla\u201d Alonso se enfrentar\u00e1n por el t\u00edtulo welter junior (140 libras) de la Asociaci\u00f3n Mundial de Boxeo (AMB) en el marco del programa KO a las Drogas, a celebrarse el 27 del pr\u00f3ximo mes en el coliseo Carlos \u201cTeo\u201d Cruz de Santo Domingo.<\/p>\n<p class=\"x_MsoNormal\">El anuncio oficial fue hecho en la tarde de ese mi\u00e9rcoles en rueda de prensa celebrada en el Sal\u00f3n James Rodr\u00edguez del Ministerio de Deportes.<\/p>\n<p class=\"x_MsoNormal\">\u201cNos complace anunciarle al pa\u00eds que el 27 del pr\u00f3ximo mes celebraremos una cartelera con un t\u00edtulo mundial en juego\u201d, dijo B\u00e9lgica Pe\u00f1a, ejecutiva de Shuan Boxing, empresa en la que la Asociaci\u00f3n Mundial de Boxeo otorg\u00f3 los derechos de estructurar la cartelera correspondiente al KO a las Drogas.<\/p>\n<p class=\"x_MsoNormal\">Adem\u00e1s de B\u00e9lgica Pe\u00f1a, la rueda de prensa fue encabezada por el comisionado de boxeo profesional, periodista Franklin N\u00fa\u00f1ez; el vice ministro de Deportes, Soterio Ram\u00edrez, quien ostent\u00f3 la representaci\u00f3n del ministro, Danilo D\u00edaz; George Herrera, empresario y representante latino de la Organizaci\u00f3n Mundial de Boxeo en Rep\u00fablica Dominicana; el periodista Abigail Soto y el entrenador de boxeo Angel \u201cChicho\u201d Mej\u00eda, entre otros.<\/p>\n<p class=\"x_MsoNormal\">\u201cLa Avispa\u201d Puello es actual campe\u00f3n latino de la AMB, con tres defensas exitosas. Su r\u00e9cord profesional es de 16-0 con nueve victorias por la v\u00eda del nocaut, mientras que su rival, el tambi\u00e9n dominicano \u201cMaravilla\u201d Alonso, presenta foja de 18-0, con 6 triunfos antes del l\u00edmite.<\/p>\n<p class=\"x_MsoNormal\">\u201cSoy de poco hablar, pero prometo hablar de forma contundente con mis pu\u00f1os encima del ring cuando llegue la hora\u201d, dijo \u201cLa Avispa\u201d Puello.<\/p>\n<p class=\"x_MsoNormal\">Alonso se encuentra en Nueva York, donde cumple con un intenso programa de entrenamientos y retornar\u00e1 a la Rep\u00fablica Dominicana una semana antes del combate.<\/p>\n<p class=\"x_MsoNormal\">De su lado, B\u00e9lgica Pe\u00f1a adelant\u00f3 que la cartelera estar\u00e1 repleta de buenas peleas, debido a que todos los participantes est\u00e1n ranqueados a nivel mundial.<\/p>\n<p class=\"x_MsoNormal\">\u201cSer\u00e1 un cartel de lujo, tal y como lo exige la AMB\u201d, a\u00f1adi\u00f3. Sostuvo que los boletos para ingresar al coliseo Carlos \u201cTeo\u201d Cruz ser\u00e1n de 500 pesos para la entrada general y 2 mil y 3 mil para las \u00e1reas de VIP.<\/p>\n<p class=\"x_MsoNormal\">Franklin N\u00fa\u00f1ez, por su parte, destac\u00f3 que la AMB le brinda a la Rep\u00fablica Dominicana de hacerse de un campe\u00f3n mundial de boxeo, adem\u00e1s de prestigiar a \u201cnuestro pa\u00eds\u201d con su KO a las Drogas, un evento al que regularmente acuden grandes luminarias del mundo del boxeo, como es el caso del legendario ex campe\u00f3n paname\u00f1o Roberto \u201cMano de Piedra\u201d Dur\u00e1n.<\/p>\n<p class=\"x_MsoNormal\">El periodista Abigail Soto expuso que se ha formado un patronato que procura motivar el respaldo del empresariado dominicano y del sector p\u00fablico a favor del boxeo profesional dominicano, y, en este caso, del KO a las Drogas.<\/p>\n<p class=\"x_MsoNormal\">En el encuentro tambi\u00e9n habl\u00f3 el empresario George Herrera, quien resalt\u00f3 como un elemento positivo el que la velada se celebre en el coliseo Carlos \u201cTeo\u201d Cruz, que es la casa del boxeo de Rep\u00fablica Dominicana.<\/p>\n","protected":false},"excerpt":{"rendered":"<p>El anuncio oficial fue hecho en la tarde de ese mi\u00e9rcoles en rueda de prensa celebrada en el Sal\u00f3n James Rodr\u00edguez del Ministerio de Deportes.<\/p>\n","protected":false},"author":16,"featured_media":55603,"comment_status":"closed","ping_status":"closed","sticky":false,"template":"","format":"standard","meta":[],"categories":[2,60],"tags":[],"acf":[],"_links":{"self":[{"href":"https:\/\/colimdo.org\/wp-api\/wp\/v2\/posts\/55602"}],"collection":[{"href":"https:\/\/colimdo.org\/wp-api\/wp\/v2\/posts"}],"about":[{"href":"https:\/\/colimdo.org\/wp-api\/wp\/v2\/types\/post"}],"author":[{"embeddable":true,"href":"https:\/\/colimdo.org\/wp-api\/wp\/v2\/users\/16"}],"replies":[{"embeddable":true,"href":"https:\/\/colimdo.org\/wp-api\/wp\/v2\/comments?post=55602"}],"version-history":[{"count":1,"href":"https:\/\/colimdo.org\/wp-api\/wp\/v2\/posts\/55602\/revisions"}],"predecessor-version":[{"id":55604,"href":"https:\/\/colimdo.org\/wp-api\/wp\/v2\/posts\/55602\/revisions\/55604"}],"wp:featuredmedia":[{"embeddable":true,"href":"https:\/\/colimdo.org\/wp-api\/wp\/v2\/media\/55603"}],"wp:attachment":[{"href":"https:\/\/colimdo.org\/wp-api\/wp\/v2\/media?parent=55602"}],"wp:term":[{"taxonomy":"category","embeddable":true,"href":"https:\/\/colimdo.org\/wp-api\/wp\/v2\/categories?post=55602"},{"taxonomy":"post_tag","embeddable":true,"href":"https:\/\/colimdo.org\/wp-api\/wp\/v2\/tags?post=55602"}],"curies":[{"name":"wp","href":"https:\/\/api.w.org\/{rel}","templated":true}]}}