{"id":55622,"date":"2019-06-12T23:31:52","date_gmt":"2019-06-12T23:31:52","guid":{"rendered":"https:\/\/colimdo.org\/?p=55622"},"modified":"2019-06-12T23:31:52","modified_gmt":"2019-06-12T23:31:52","slug":"inefi-inicia-justa-nacional-beisbol-escolar-u14","status":"publish","type":"post","link":"https:\/\/colimdo.org\/noticias\/inefi-inicia-justa-nacional-beisbol-escolar-u14\/","title":{"rendered":"Inefi inicia justa nacional de b\u00e9isbol escolar U14"},"content":{"rendered":"<p>BAYAGUANA, MONTE PLATA. \u2013 Con la participaci\u00f3n de las 18 regionales educativas del pa\u00eds, inici\u00f3 este martes el Torneo Nacional de B\u00e9isbol Escolar U14, el cual se extender\u00e1 hasta este jueves y es organizado por el Instituto Nacional de Educaci\u00f3n F\u00edsica (Inefi).<\/p>\n<p>El evento estuvo encabezado por el subdirector general del INEFI, licenciado Nelson Acevedo, quien represent\u00f3 al ingeniero Jorge Minaya, director ejecutivo de la Instituci\u00f3n.<\/p>\n<p>Este torneo servir\u00e1 de eliminatoria para la \u201cPrimera Serie Escolar de B\u00e9isbol del Caribe\u201d, que est\u00e1 programada para realizarse en septiembre pr\u00f3ximo con sede en Santiago de los Caballeros.<\/p>\n<p>\u201cDe aqu\u00ed, de ustedes, saldr\u00e1 la representaci\u00f3n dominicana para esa serie internacional. Es decir, que los campeones de aqu\u00ed, tambi\u00e9n ser\u00e1n campeones del Caribe a partir de septiembre\u201d, motiv\u00f3 Acevedo.<\/p>\n<p>A la actividad tambi\u00e9n asistieron el diputado Ricardo Contreras, quien adem\u00e1s es presidente del Comit\u00e9 Organizador del torneo; Isaac Ogando, presidente de la Uni\u00f3n Deportiva de Bayaguana; Cristina Rivas, vicerrectora del Instituto de Formaci\u00f3n Docente Salom\u00e9 Ure\u00f1a (Isfodosu); el medallista ol\u00edmpico Luguel\u00edn Santos y William Tapia, subdirector de Inefi.<\/p>\n<article id=\"post-997378\" class=\"featured-post post-997378 post type-post status-publish format-standard has-post-thumbnail hentry category-deportes\">\n<div class=\"row\">\n<div class=\"col-md-12 post-text\">\n<p><strong>Tres grupos<\/strong><\/p>\n<p>Las 18 Regionales fueron ubicadas en tres grupos de seis equipos cada una, en los que se enfrentar\u00e1n en un todos contra todos, clasificando los tres primeros lugares y el mejor segundo lugar de los tres grupos como \u201cwildcard\u201d.<\/p>\n<\/div>\n<\/div>\n<\/article>\n<div class=\"single-related\"><\/div>\n","protected":false},"excerpt":{"rendered":"<p>El evento estuvo encabezado por el subdirector general del INEFI, licenciado Nelson Acevedo, quien represent\u00f3 al ingeniero Jorge Minaya, director ejecutivo de la Instituci\u00f3n.<\/p>\n","protected":false},"author":16,"featured_media":55623,"comment_status":"closed","ping_status":"closed","sticky":false,"template":"","format":"standard","meta":[],"categories":[2,60],"tags":[],"acf":[],"_links":{"self":[{"href":"https:\/\/colimdo.org\/wp-api\/wp\/v2\/posts\/55622"}],"collection":[{"href":"https:\/\/colimdo.org\/wp-api\/wp\/v2\/posts"}],"about":[{"href":"https:\/\/colimdo.org\/wp-api\/wp\/v2\/types\/post"}],"author":[{"embeddable":true,"href":"https:\/\/colimdo.org\/wp-api\/wp\/v2\/users\/16"}],"replies":[{"embeddable":true,"href":"https:\/\/colimdo.org\/wp-api\/wp\/v2\/comments?post=55622"}],"version-history":[{"count":1,"href":"https:\/\/colimdo.org\/wp-api\/wp\/v2\/posts\/55622\/revisions"}],"predecessor-version":[{"id":55624,"href":"https:\/\/colimdo.org\/wp-api\/wp\/v2\/posts\/55622\/revisions\/55624"}],"wp:featuredmedia":[{"embeddable":true,"href":"https:\/\/colimdo.org\/wp-api\/wp\/v2\/media\/55623"}],"wp:attachment":[{"href":"https:\/\/colimdo.org\/wp-api\/wp\/v2\/media?parent=55622"}],"wp:term":[{"taxonomy":"category","embeddable":true,"href":"https:\/\/colimdo.org\/wp-api\/wp\/v2\/categories?post=55622"},{"taxonomy":"post_tag","embeddable":true,"href":"https:\/\/colimdo.org\/wp-api\/wp\/v2\/tags?post=55622"}],"curies":[{"name":"wp","href":"https:\/\/api.w.org\/{rel}","templated":true}]}}