{"id":55642,"date":"2019-06-13T14:22:23","date_gmt":"2019-06-13T14:22:23","guid":{"rendered":"https:\/\/colimdo.org\/?p=55642"},"modified":"2019-06-13T14:22:23","modified_gmt":"2019-06-13T14:22:23","slug":"fifa-anuncia-la-extension-del-periodo-la-comision-normalizadora","status":"publish","type":"post","link":"https:\/\/colimdo.org\/noticias\/fifa-anuncia-la-extension-del-periodo-la-comision-normalizadora\/","title":{"rendered":"FIFA anuncia la extensi\u00f3n del per\u00edodo de la Comisi\u00f3n Normalizadora"},"content":{"rendered":"<p>SANTO DOMINGO.- La Federaci\u00f3n Internacional de Futbol anunci\u00f3 que su Comit\u00e9 Ejecutivo decidi\u00f3 extender el per\u00edodo del mandato otorgado a la Comisi\u00f3n Normalizadora de la Federaci\u00f3n Dominicana de Futbol hasta el 31 de enero de 2020.<\/p>\n<p>FIFA valor\u00f3 el trabajo realizado hasta la fecha por la CN, pero entiende que se necesita m\u00e1s tiempo para poder completar las tareas de realizaci\u00f3n de elecciones en las asociaciones y la Federaci\u00f3n.<\/p>\n<p>El anuncio se hizo a trav\u00e9s de un comunicado firmado por su Secretaria General, Fatma Samoura, y un video de Luca Nicola, jefe de gobernanza y asociaciones miembros.<\/p>\n<p>Por su parte, La Comisi\u00f3n Normalizadora aprovech\u00f3 para informar que aunque la extensi\u00f3n es hasta el 31 de enero de 2020, est\u00e1n trabajando sobre la base de un calendario que prev\u00e9 las que elecciones de FEDOFUTBOL se completen en este a\u00f1o 2019 y que las elecciones en las asociaciones comenzar\u00e1n a producirse tan pronto como el pr\u00f3ximo mes de julio.<\/p>\n","protected":false},"excerpt":{"rendered":"<p>El Comit\u00e9 Ejecutivo decidi\u00f3 extender el tiempo otorgado a la Comisi\u00f3n Normalizadora de la Federaci\u00f3n Dominicana de Futbol hasta el 31 de enero de 2020.<\/p>\n","protected":false},"author":19,"featured_media":55643,"comment_status":"closed","ping_status":"closed","sticky":false,"template":"","format":"standard","meta":[],"categories":[2,60],"tags":[],"acf":[],"_links":{"self":[{"href":"https:\/\/colimdo.org\/wp-api\/wp\/v2\/posts\/55642"}],"collection":[{"href":"https:\/\/colimdo.org\/wp-api\/wp\/v2\/posts"}],"about":[{"href":"https:\/\/colimdo.org\/wp-api\/wp\/v2\/types\/post"}],"author":[{"embeddable":true,"href":"https:\/\/colimdo.org\/wp-api\/wp\/v2\/users\/19"}],"replies":[{"embeddable":true,"href":"https:\/\/colimdo.org\/wp-api\/wp\/v2\/comments?post=55642"}],"version-history":[{"count":1,"href":"https:\/\/colimdo.org\/wp-api\/wp\/v2\/posts\/55642\/revisions"}],"predecessor-version":[{"id":55644,"href":"https:\/\/colimdo.org\/wp-api\/wp\/v2\/posts\/55642\/revisions\/55644"}],"wp:featuredmedia":[{"embeddable":true,"href":"https:\/\/colimdo.org\/wp-api\/wp\/v2\/media\/55643"}],"wp:attachment":[{"href":"https:\/\/colimdo.org\/wp-api\/wp\/v2\/media?parent=55642"}],"wp:term":[{"taxonomy":"category","embeddable":true,"href":"https:\/\/colimdo.org\/wp-api\/wp\/v2\/categories?post=55642"},{"taxonomy":"post_tag","embeddable":true,"href":"https:\/\/colimdo.org\/wp-api\/wp\/v2\/tags?post=55642"}],"curies":[{"name":"wp","href":"https:\/\/api.w.org\/{rel}","templated":true}]}}