{"id":55647,"date":"2019-06-13T15:46:40","date_gmt":"2019-06-13T15:46:40","guid":{"rendered":"https:\/\/colimdo.org\/?p=55647"},"modified":"2019-06-13T16:17:53","modified_gmt":"2019-06-13T16:17:53","slug":"gina-mambru-equipo-se-ha-portado-lo-alto","status":"publish","type":"post","link":"https:\/\/colimdo.org\/noticias\/gina-mambru-equipo-se-ha-portado-lo-alto\/","title":{"rendered":"Gina Mambr\u00fa: \u201cEl equipo se ha portado por todo lo alto\u201d"},"content":{"rendered":"<p>SANTO DOMINGO, JORGE LUIS TORRES.- La Liga de Naciones es el torneo anual m\u00e1s importante para las selecciones del Voleibol, la Rep\u00fablica Dominica est\u00e1 teniendo un papel fundamental para el desarrollo y el nivel del deporte del bal\u00f3n y la malla.<\/p>\n<p>Una de las Reinas del Caribe, Gina Mambr\u00fa, expres\u00f3 su satisfacci\u00f3n por la forma en que ha accionado el combinado dominicano en el torneo que re\u00fane a las 16 mejores selecciones del mundo.<\/p>\n<p>\u201cEs un torneo bastante exigente y el equipo se ha portado por todo lo alto, ha ganado partidos que nadie pensaba que iban a ganar, por la superioridad del pa\u00eds al que nos enfrentamos\u201d, dijo la medallista centroamericana.<br \/>\nAnte las interrogantes sobre su no participaci\u00f3n en el Torneo de la Liga de Naciones, Mambr\u00fa\u00a0 explic\u00f3 que la decisi\u00f3n fue tomada por el entrenador Marco Kwiek con el objetivo de prepararse para los pr\u00f3ximos compromisos del equipo, entre ellos los Juegos Panamericanos.<\/p>\n<p>\u201cLa gente no sabe que yo estoy en el pa\u00eds porque el entrenador me pidi\u00f3 que me preparara un poco m\u00e1s, lo cual estoy de acuerdo porque a veces los atletas nos sentimos que debemos estar en todos los lados porque creemos que estamos bien\u201d. Adujo la miembro de la selecci\u00f3n nacional.<\/p>\n<p>Como nuevo objetivos Mambr\u00fa sostiene el inter\u00e9s de retomar lo sucedido en los Juegos Panamericanos celebrados en el pa\u00eds en el a\u00f1o 2003 y obtener la medalla de oro nuevamente.<\/p>\n<p>Las declaraciones fueron otorgadas al equipo de Prensa del Comit\u00e9 Ol\u00edmpico Dominicano (COD), en la actividad de despedida a la atleta Yuderqui Contreras.<\/p>\n","protected":false},"excerpt":{"rendered":"<p>Una de las Reinas del Caribe, Gina Mambr\u00fa se expres\u00f3 su satisfacci\u00f3n por la forma en que ha accionado el combinado dominicano en el Torneo que re\u00fane a las 16 mejores selecciones del mundo.<\/p>\n","protected":false},"author":19,"featured_media":55648,"comment_status":"closed","ping_status":"closed","sticky":false,"template":"","format":"standard","meta":[],"categories":[2,60],"tags":[],"acf":[],"_links":{"self":[{"href":"https:\/\/colimdo.org\/wp-api\/wp\/v2\/posts\/55647"}],"collection":[{"href":"https:\/\/colimdo.org\/wp-api\/wp\/v2\/posts"}],"about":[{"href":"https:\/\/colimdo.org\/wp-api\/wp\/v2\/types\/post"}],"author":[{"embeddable":true,"href":"https:\/\/colimdo.org\/wp-api\/wp\/v2\/users\/19"}],"replies":[{"embeddable":true,"href":"https:\/\/colimdo.org\/wp-api\/wp\/v2\/comments?post=55647"}],"version-history":[{"count":5,"href":"https:\/\/colimdo.org\/wp-api\/wp\/v2\/posts\/55647\/revisions"}],"predecessor-version":[{"id":55657,"href":"https:\/\/colimdo.org\/wp-api\/wp\/v2\/posts\/55647\/revisions\/55657"}],"wp:featuredmedia":[{"embeddable":true,"href":"https:\/\/colimdo.org\/wp-api\/wp\/v2\/media\/55648"}],"wp:attachment":[{"href":"https:\/\/colimdo.org\/wp-api\/wp\/v2\/media?parent=55647"}],"wp:term":[{"taxonomy":"category","embeddable":true,"href":"https:\/\/colimdo.org\/wp-api\/wp\/v2\/categories?post=55647"},{"taxonomy":"post_tag","embeddable":true,"href":"https:\/\/colimdo.org\/wp-api\/wp\/v2\/tags?post=55647"}],"curies":[{"name":"wp","href":"https:\/\/api.w.org\/{rel}","templated":true}]}}