{"id":55662,"date":"2019-06-13T17:38:25","date_gmt":"2019-06-13T17:38:25","guid":{"rendered":"https:\/\/colimdo.org\/?p=55662"},"modified":"2019-06-13T17:44:07","modified_gmt":"2019-06-13T17:44:07","slug":"eulis-baez-jugara-el-barias","status":"publish","type":"post","link":"https:\/\/colimdo.org\/noticias\/eulis-baez-jugara-el-barias\/","title":{"rendered":"Eulis B\u00e1ez jugar\u00e1 con El Barias"},"content":{"rendered":"<p>Santo Domingo.- El Club Rafael Barias recibir\u00e1 la llegada del estelar delantero dominicano, Eulis B\u00e1ez, que se integrar\u00e1 la pr\u00f3xima semana al plantel del conjunto, con miras a reforzar la escuadra que actualmente participa en la serie regular del Torneo Superior de Baloncesto del Distrito Nacional.<\/p>\n<p>B\u00e1ez, que recientemente termin\u00f3 su participaci\u00f3n con el equipo Herbalife Gran Canaria en la liga ACB de Espa\u00f1a luego de siete a\u00f1os con la franquicia, ocupar\u00e1 inmediatamente un rol protag\u00f3nico con el conjunto donde dio sus primeros pasos en el baloncesto.<\/p>\n<p>\u201cTener una figura de la magnitud de Eulis es de gran importancia para nuestro equipo con miras a asegurar un puesto para la postemporada\u201d, destac\u00f3 el gerente general del Barias, Alberto Rodr\u00edguez. \u201cAdem\u00e1s de su calidad como jugador, el liderazgo y la disciplina que nos brindar\u00e1 ser\u00e1 clave para nosotros\u201d.<\/p>\n<p>El delantero se a\u00f1ade a un grupo de veteranos jugadores tradicionales del Barias como los hermanos Manuel y Jos\u00e9 Fortuna, al igual que Juan Bautista Araujo, a los refuerzos Stedmon Lemon y M.J. Rhett y un grupo de talento joven del club. El debut de B\u00e1ez podr\u00eda ocurrir tan temprano como el pr\u00f3ximo martes, cuando el conjunto enfrente al club San L\u00e1zaro.<\/p>\n<p>La llegada de Ba\u00e9z ocurre en un momento importante para el combinado de Villa Consuelo, que actualmente tiene r\u00e9cord de una victoria y dos derrotas en el torneo del Distrito Nacional.<\/p>\n","protected":false},"excerpt":{"rendered":"<p>El Club Rafael Barias recibir\u00e1 la llegada del estelar delantero dominicano, Eulis B\u00e1ez, que se integrar\u00e1 la pr\u00f3xima semana al plantel del conjunto.<\/p>\n","protected":false},"author":19,"featured_media":55663,"comment_status":"closed","ping_status":"closed","sticky":false,"template":"","format":"standard","meta":[],"categories":[2,60],"tags":[],"acf":[],"_links":{"self":[{"href":"https:\/\/colimdo.org\/wp-api\/wp\/v2\/posts\/55662"}],"collection":[{"href":"https:\/\/colimdo.org\/wp-api\/wp\/v2\/posts"}],"about":[{"href":"https:\/\/colimdo.org\/wp-api\/wp\/v2\/types\/post"}],"author":[{"embeddable":true,"href":"https:\/\/colimdo.org\/wp-api\/wp\/v2\/users\/19"}],"replies":[{"embeddable":true,"href":"https:\/\/colimdo.org\/wp-api\/wp\/v2\/comments?post=55662"}],"version-history":[{"count":3,"href":"https:\/\/colimdo.org\/wp-api\/wp\/v2\/posts\/55662\/revisions"}],"predecessor-version":[{"id":55666,"href":"https:\/\/colimdo.org\/wp-api\/wp\/v2\/posts\/55662\/revisions\/55666"}],"wp:featuredmedia":[{"embeddable":true,"href":"https:\/\/colimdo.org\/wp-api\/wp\/v2\/media\/55663"}],"wp:attachment":[{"href":"https:\/\/colimdo.org\/wp-api\/wp\/v2\/media?parent=55662"}],"wp:term":[{"taxonomy":"category","embeddable":true,"href":"https:\/\/colimdo.org\/wp-api\/wp\/v2\/categories?post=55662"},{"taxonomy":"post_tag","embeddable":true,"href":"https:\/\/colimdo.org\/wp-api\/wp\/v2\/tags?post=55662"}],"curies":[{"name":"wp","href":"https:\/\/api.w.org\/{rel}","templated":true}]}}