{"id":55670,"date":"2019-06-13T17:59:13","date_gmt":"2019-06-13T17:59:13","guid":{"rendered":"https:\/\/colimdo.org\/?p=55670"},"modified":"2019-06-13T18:12:43","modified_gmt":"2019-06-13T18:12:43","slug":"inmortales-confian-exito-yuderqui-tras-retiro-atleta","status":"publish","type":"post","link":"https:\/\/colimdo.org\/noticias\/inmortales-confian-exito-yuderqui-tras-retiro-atleta\/","title":{"rendered":"Inmortales conf\u00edan en \u00e9xito de Yuderqui tras su retiro como atleta"},"content":{"rendered":"<p>SANTO DOMINGO, HANLY RAM\u00cdREZ.-\u00a0El pasado mi\u00e9rcoles Yuderqui Contreras fue despedida por todo lo alto, luego de anunciar su retiro del deporte como atleta de levantamientos de pesas, ahora de cara a su nuevo estilo de vida, otros inmortales del deporte, como lo ser\u00e1 la reci\u00e9n retirada medallista panamericana y mundial, conf\u00edan en que lograr\u00e1 ese mismo \u00e9xito fuera de los escenarios de competencia.<\/p>\n<p>\u201cS\u00e9 que como no ten\u00eda dudas de que ser\u00eda campeona en los Juegos Panamericanos de Rio, s\u00e9 que ser\u00e1 exitosa fuera de la competencia, dijo la inmortal del deporte, Wanda Rijo, quien se\u00f1al\u00f3 esp\u00edritu de liderazgo con el que cuenta Contreras, misma a quien sirvi\u00f3 de referente al llegar a la disciplina de levantamiento de pesas.<\/p>\n<p>El ex medallista ol\u00edmpico y tambi\u00e9n inmortal del deporte, Gabriel Mercedes, se mostr\u00f3 confiado en que Yuderqui har\u00e1 la transici\u00f3n de atleta activa al retiro de manera exitosa, ya que sabe que puede seguir contribuyendo en favor del pa\u00eds.<\/p>\n<p>\u201cUna de las palabras m\u00e1s dif\u00edciles en el deporte es el retiro, siempre que no est\u00e9s preparado para ello, es bien dif\u00edcil\u2026 pero cuando te preparas y vez m\u00e1s all\u00e1, que puedes aportar a tu pa\u00eds, entonces esa palabra no tiene otro peso de la satisfacci\u00f3n de todos los sue\u00f1os hechos realidad\u201d.<\/p>\n<p>Otra inmortal del deporte, como lo es Juana Arrendel, mostr\u00f3 su satisfacci\u00f3n por la forma en que ha llegado a su punto final la carrera como atleta de Contreras, de quien es una mujer admirable y un ejemplo a seguir.<\/p>\n<p>\u201cSolo nos queda desearle que tenga muchos \u00e9xitos a Yuderqui en esta nueva vida que va a emprender como madre, ya fuera de los escenarios\u201d, Arrendel.<\/p>\n<p>Los pasos hac\u00eda esta nueva vida parecen estar marcados para Yuderqui, quien est\u00e1 finalizando su carrera de contabilidad e iniciar\u00e1 con una pasant\u00eda en el departamento de esta \u00e1rea administrativa del Comit\u00e9 Ol\u00edmpico Dominicano, as\u00ed como tambi\u00e9n tendr\u00e1 la oportunidad de adquirir su primer empleo mediante las empresas del grupo Creso, como lo inform\u00f3 su presidente Felipe Vicini.<\/p>\n","protected":false},"excerpt":{"rendered":"<p>El pasado mi\u00e9rcoles Yuderqui Contreras fue despedida por todo lo alto, luego de anunciar su retiro del deporte como atleta de levantamientos de pesas.<\/p>\n","protected":false},"author":19,"featured_media":55671,"comment_status":"closed","ping_status":"closed","sticky":false,"template":"","format":"standard","meta":[],"categories":[2,60],"tags":[],"acf":[],"_links":{"self":[{"href":"https:\/\/colimdo.org\/wp-api\/wp\/v2\/posts\/55670"}],"collection":[{"href":"https:\/\/colimdo.org\/wp-api\/wp\/v2\/posts"}],"about":[{"href":"https:\/\/colimdo.org\/wp-api\/wp\/v2\/types\/post"}],"author":[{"embeddable":true,"href":"https:\/\/colimdo.org\/wp-api\/wp\/v2\/users\/19"}],"replies":[{"embeddable":true,"href":"https:\/\/colimdo.org\/wp-api\/wp\/v2\/comments?post=55670"}],"version-history":[{"count":1,"href":"https:\/\/colimdo.org\/wp-api\/wp\/v2\/posts\/55670\/revisions"}],"predecessor-version":[{"id":55672,"href":"https:\/\/colimdo.org\/wp-api\/wp\/v2\/posts\/55670\/revisions\/55672"}],"wp:featuredmedia":[{"embeddable":true,"href":"https:\/\/colimdo.org\/wp-api\/wp\/v2\/media\/55671"}],"wp:attachment":[{"href":"https:\/\/colimdo.org\/wp-api\/wp\/v2\/media?parent=55670"}],"wp:term":[{"taxonomy":"category","embeddable":true,"href":"https:\/\/colimdo.org\/wp-api\/wp\/v2\/categories?post=55670"},{"taxonomy":"post_tag","embeddable":true,"href":"https:\/\/colimdo.org\/wp-api\/wp\/v2\/tags?post=55670"}],"curies":[{"name":"wp","href":"https:\/\/api.w.org\/{rel}","templated":true}]}}