{"id":55691,"date":"2019-06-13T21:38:01","date_gmt":"2019-06-13T21:38:01","guid":{"rendered":"https:\/\/colimdo.org\/?p=55691"},"modified":"2019-06-13T21:38:01","modified_gmt":"2019-06-13T21:38:01","slug":"yankees-podrian-lamentar-perdida-wander-franco","status":"publish","type":"post","link":"https:\/\/colimdo.org\/noticias\/yankees-podrian-lamentar-perdida-wander-franco\/","title":{"rendered":"Yankees podr\u00edan lamentar perdida de Wander Franco"},"content":{"rendered":"<p>New York Post.- Los Yankees estaban listos para fichar a Wander Franco, uno de los mejores prospectos del b\u00e9isbol, fuera de Am\u00e9rica Latina por $ 6 millones, escribi\u00f3 Jeff Passan de ESPN en un largo art\u00edculo que detalla el ascenso de Franco . Sin embargo, ese plan se vio afectado por el acuerdo de negociaci\u00f3n colectiva de 2016, que limit\u00f3 el gasto internacional y permiti\u00f3 a los Rays firmar a Franco con el mayor bono de la clase.<\/p>\n<p>Un campocorto, Franco solo tiene 18 a\u00f1os, pero hace impresionantes comparaciones en la historia.<br \/>\n\u201cVi a Vladimir Guererro\u201d, dijo Rei Ruiz, gerente de Franco en Single-A Bowling Green. \u201cTen\u00eda la misma confianza, la misma presencia. Pero creo que Wander es mejor \u201c.<\/p>\n<p>Franco actualmente est\u00e1 recortando .322 \/ .389 \/ .517 en la Liga del Medio Oeste, y su enfoque en el plato parece estar en un nivel de Grandes Ligas.<\/p>\n<p>\u201cEs humano, pero a veces es dif\u00edcil decirlo\u201d, dijo Mitch Lukevics, director de la granja de los Rays, a ESPN.<\/p>\n<p>Ese nivel de creencia se expresa ampliamente, incluso cuando Franco ten\u00eda 10 a\u00f1os, una academia de b\u00e9isbol para adolescentes en la Rep\u00fablica Dominicana, seg\u00fan los informes, quer\u00eda llev\u00e1rselo.<\/p>\n<p>\u201cTengo las herramientas para ser una superestrella\u201d, dijo Franco. \u201cQuiero estar en el Sal\u00f3n de la Fama\u201d.<br \/>\nSi \u00e9l llega all\u00ed, los Yankees estar\u00e1n maldiciendo su suerte.<\/p>\n<p><strong>UN APUNTE<\/strong><\/p>\n<p><strong>Decidido a triunfar<\/strong><\/p>\n<p>Wander Franco creci\u00f3 en Rep\u00fablica Dominicana y abandon\u00f3 la escuela despu\u00e9s de cursar sexto grado, para as\u00ed entrenar con miras a convertirse en pelotero profesional. Cuatro a\u00f1os despu\u00e9s, a sus 16, firm\u00f3 con los Rays por $3.825 millones. Hoy en d\u00eda, esa cifra es considerada una ganga.<\/p>\n","protected":false},"excerpt":{"rendered":"<p>Los Yankees estaban listos para fichar a Wander Franco, uno de los mejores prospectos del b\u00e9isbol, fuera de Am\u00e9rica Latina por $ 6 millones, escribi\u00f3 Jeff Passan de ESPN en un largo art\u00edculo que detalla el ascenso de Franco .<\/p>\n","protected":false},"author":16,"featured_media":55692,"comment_status":"closed","ping_status":"closed","sticky":false,"template":"","format":"standard","meta":[],"categories":[2,60],"tags":[],"acf":[],"_links":{"self":[{"href":"https:\/\/colimdo.org\/wp-api\/wp\/v2\/posts\/55691"}],"collection":[{"href":"https:\/\/colimdo.org\/wp-api\/wp\/v2\/posts"}],"about":[{"href":"https:\/\/colimdo.org\/wp-api\/wp\/v2\/types\/post"}],"author":[{"embeddable":true,"href":"https:\/\/colimdo.org\/wp-api\/wp\/v2\/users\/16"}],"replies":[{"embeddable":true,"href":"https:\/\/colimdo.org\/wp-api\/wp\/v2\/comments?post=55691"}],"version-history":[{"count":1,"href":"https:\/\/colimdo.org\/wp-api\/wp\/v2\/posts\/55691\/revisions"}],"predecessor-version":[{"id":55693,"href":"https:\/\/colimdo.org\/wp-api\/wp\/v2\/posts\/55691\/revisions\/55693"}],"wp:featuredmedia":[{"embeddable":true,"href":"https:\/\/colimdo.org\/wp-api\/wp\/v2\/media\/55692"}],"wp:attachment":[{"href":"https:\/\/colimdo.org\/wp-api\/wp\/v2\/media?parent=55691"}],"wp:term":[{"taxonomy":"category","embeddable":true,"href":"https:\/\/colimdo.org\/wp-api\/wp\/v2\/categories?post=55691"},{"taxonomy":"post_tag","embeddable":true,"href":"https:\/\/colimdo.org\/wp-api\/wp\/v2\/tags?post=55691"}],"curies":[{"name":"wp","href":"https:\/\/api.w.org\/{rel}","templated":true}]}}