{"id":55697,"date":"2019-06-13T21:55:18","date_gmt":"2019-06-13T21:55:18","guid":{"rendered":"https:\/\/colimdo.org\/?p=55697"},"modified":"2019-06-13T22:27:16","modified_gmt":"2019-06-13T22:27:16","slug":"pau-gasol-me-gustaria-jugar-los-juegos-olimpicos-tokio","status":"publish","type":"post","link":"https:\/\/colimdo.org\/noticias\/pau-gasol-me-gustaria-jugar-los-juegos-olimpicos-tokio\/","title":{"rendered":"Pau Gasol: &#8220;Me gustar\u00eda jugar los Juegos Ol\u00edmpicos de Tokio&#8221;"},"content":{"rendered":"<p class=\"canvas-atom canvas-text Mb(1.0em) Mb(0)--sm Mt(0.8em)--sm\">Barcelona (Espa\u00f1a), 13 jun (EFE).- El p\u00edvot de los Bucks de Milwaukee Pau Gasol afirm\u00f3 que su objetivo con vistas al pr\u00f3ximo curso es recuperarse bien de la lesi\u00f3n que sufre en el pie izquierdo para &#8220;seguir compitiendo&#8221; en la NBA y disputar los Juegos Ol\u00edmpicos de Tokio con la selecci\u00f3n espa\u00f1ola.<\/p>\n<p class=\"canvas-atom canvas-text Mb(1.0em) Mb(0)--sm Mt(0.8em)--sm\">&#8220;Mi ilusi\u00f3n era jugar el campeonato del Mundo este verano. No podr\u00e1 ser y, sin duda, me gustar\u00eda jugar con el equipo en los Juegos Ol\u00edmpicos de Tokio&#8221;, se\u00f1al\u00f3 el jugador en el acto de presentaci\u00f3n de la Pau Gasol Academy by Santander celebrado este jueves en Barcelona.<\/p>\n<p class=\"canvas-atom canvas-text Mb(1.0em) Mb(0)--sm Mt(0.8em)--sm\">Despu\u00e9s de presenciar el quinto partido de las Finales de la NBA entre los Raptors de Toronto y los Warriors de Golden State, el jugador catal\u00e1n se encuentra en Barcelona recuper\u00e1ndose de la fractura por estr\u00e9s en el hueso navicular del pie izquierdo que le oblig\u00f3 a pasar por el quir\u00f3fano.<\/p>\n<p class=\"canvas-atom canvas-text Mb(1.0em) Mb(0)--sm Mt(0.8em)--sm\">Dicha lesi\u00f3n le impedir\u00e1 disputar con la selecci\u00f3n espa\u00f1ola el Campeonato del Mundo que este verano se disputar\u00e1 en China. No obstante, Pau no se olvida ni mucho menos de la selecci\u00f3n y, a sus casi 39 a\u00f1os, tiene como objetivo recuperarse de la lesi\u00f3n y participar en los Juegos Ol\u00edmpicos de Tokio de 2020.<\/p>\n<p class=\"canvas-atom canvas-text Mb(1.0em) Mb(0)--sm Mt(0.8em)--sm\">Precisamente sobre las opciones del combinado espa\u00f1ol en el pr\u00f3ximo campeonato, consider\u00f3 que, a pesar de su ausencia, el equipo cuenta con &#8220;grandes jugadores&#8221; para competir en China.<\/p>\n<p class=\"canvas-atom canvas-text Mb(1.0em) Mb(0)--sm Mt(0.8em)--sm\">&#8220;El equipo siempre tiene a grandes jugadores, con una cohesi\u00f3n especial y el esp\u00edritu del grupo siempre est\u00e1 ah\u00ed. Hemos conseguido un grupo especial, un gran equipo para estar arriba&#8221;, agreg\u00f3.<\/p>\n<p class=\"canvas-atom canvas-text Mb(1.0em) Mb(0)--sm Mt(0.8em)--sm\">Sobre su futuro en la NBA, Gasol est\u00e1 a la espera de ver &#8220;qu\u00e9 pasa con la agencia libre&#8221;, si bien no escondi\u00f3 que le gustar\u00eda continuar en los Bucks.<\/p>\n<p class=\"canvas-atom canvas-text Mb(1.0em) Mb(0)--sm Mt(0.8em)--sm\">&#8220;Ha sido una temporada muy dif\u00edcil, porque no he podido tener continuidad debido a la lesi\u00f3n. Sin embargo, que me haya pasado en la decimoctava temporada en la NBA entra dentro de lo razonable. Tener continuidad en los Bucks creo que ser\u00eda algo positivo y que me gustar\u00eda; es un equipo con potencial real para ganar el campeonato&#8221;, admiti\u00f3.<\/p>\n<p class=\"canvas-atom canvas-text Mb(1.0em) Mb(0)--sm Mt(0.8em)--sm\">A la espera de que se dispute el Campeonato del Mundo, Gasol podr\u00e1 seguir la final de la Liga Endesa que disputar\u00e1n a partir de este s\u00e1bado el Real Madrid y el Bar\u00e7a Lassa.<\/p>\n<p class=\"canvas-atom canvas-text Mb(1.0em) Mb(0)--sm Mt(0.8em)--sm\">&#8220;La temporada del Bar\u00e7a ha sido mucho mejor en comparaci\u00f3n con las \u00faltimas. El equipo ha rendido a un nivel mucho m\u00e1s alto. Ser\u00e1 una final muy competida y el Bar\u00e7a tendr\u00e1 opciones reales para disputarle el t\u00edtulo al Real Madrid. Va a estar re\u00f1ida&#8221;, vaticin\u00f3 Pau.<\/p>\n","protected":false},"excerpt":{"rendered":"<p>&#8220;Mi ilusi\u00f3n era jugar el campeonato del Mundo este verano. No podr\u00e1 ser y, sin duda, me gustar\u00eda jugar con el equipo en los Juegos Ol\u00edmpicos de Tokio&#8221;, se\u00f1al\u00f3 el jugador en el acto de presentaci\u00f3n de la Pau Gasol Academy by Santander celebrado este jueves en Barcelona.<\/p>\n","protected":false},"author":16,"featured_media":55698,"comment_status":"closed","ping_status":"closed","sticky":false,"template":"","format":"standard","meta":[],"categories":[2,60],"tags":[],"acf":[],"_links":{"self":[{"href":"https:\/\/colimdo.org\/wp-api\/wp\/v2\/posts\/55697"}],"collection":[{"href":"https:\/\/colimdo.org\/wp-api\/wp\/v2\/posts"}],"about":[{"href":"https:\/\/colimdo.org\/wp-api\/wp\/v2\/types\/post"}],"author":[{"embeddable":true,"href":"https:\/\/colimdo.org\/wp-api\/wp\/v2\/users\/16"}],"replies":[{"embeddable":true,"href":"https:\/\/colimdo.org\/wp-api\/wp\/v2\/comments?post=55697"}],"version-history":[{"count":1,"href":"https:\/\/colimdo.org\/wp-api\/wp\/v2\/posts\/55697\/revisions"}],"predecessor-version":[{"id":55699,"href":"https:\/\/colimdo.org\/wp-api\/wp\/v2\/posts\/55697\/revisions\/55699"}],"wp:featuredmedia":[{"embeddable":true,"href":"https:\/\/colimdo.org\/wp-api\/wp\/v2\/media\/55698"}],"wp:attachment":[{"href":"https:\/\/colimdo.org\/wp-api\/wp\/v2\/media?parent=55697"}],"wp:term":[{"taxonomy":"category","embeddable":true,"href":"https:\/\/colimdo.org\/wp-api\/wp\/v2\/categories?post=55697"},{"taxonomy":"post_tag","embeddable":true,"href":"https:\/\/colimdo.org\/wp-api\/wp\/v2\/tags?post=55697"}],"curies":[{"name":"wp","href":"https:\/\/api.w.org\/{rel}","templated":true}]}}