{"id":55702,"date":"2019-06-13T22:07:03","date_gmt":"2019-06-13T22:07:03","guid":{"rendered":"https:\/\/colimdo.org\/?p=55702"},"modified":"2019-06-13T22:07:03","modified_gmt":"2019-06-13T22:07:03","slug":"justicia-suiza-mantiene-suspension-reglamento-afecta-semenya","status":"publish","type":"post","link":"https:\/\/colimdo.org\/noticias\/justicia-suiza-mantiene-suspension-reglamento-afecta-semenya\/","title":{"rendered":"Justicia suiza mantiene suspensi\u00f3n a reglamento que afecta a Semenya"},"content":{"rendered":"<p>AFP. La justicia suiza, a la que hab\u00eda recurrido la Federaci\u00f3n Internacional de Atletismo (IAAF), mantuvo su decisi\u00f3n de autorizar provisionalmente a Caster Semenya a correr en 800 metros, durante el tiempo que estudia el reglamento que afecta a las atletas hiperandr\u00f3ginas y que la atleta sudafricana combate.<\/p>\n<p>El Tribunal Supremo suizo, que hab\u00eda anunciado esta suspensi\u00f3n la pasada semana, rechaz\u00f3 el mi\u00e9rcoles la apelaci\u00f3n de la IAAF, indicaron el jueves los abogados de la doble campeona ol\u00edmpica.<\/p>\n<p>\u201cEl Tribunal estim\u00f3 que la IAAF no hab\u00eda avanzado ning\u00fan argumento o nuevo elemento que justifique el cambio de la primera decisi\u00f3n\u201d, afirmaron los abogados en un comunicado.<\/p>\n<p>\u201cEso significa que Caster sigue autorizada hasta nueva orden a participar sin ninguna restricci\u00f3n en toda competici\u00f3n\u201d, apunt\u00f3.<\/p>\n<p>El nuevo reglamento, que entr\u00f3 en vigor el 8 de mayo, estipular que atletas que presenten una diferencia de desarrollo sexual (DSD) deben seguir un tratamiento para hacer bajar su tasa de testosterona elevada que, seg\u00fan la IAAF, les da una ventaja injusta en la categor\u00eda femenina.<\/p>\n<p>La decisi\u00f3n de este jueves no cambia la situaci\u00f3n actual de Caster Semenya.<\/p>\n<p>La IAAF tiene hasta el 25 de junio para presentar sus argumentos y la justicia decidir\u00e1 entonces sobre si se mantiene o no el reglamento.<\/p>\n<p>Los abogados de la sudafricana explicaron que, pese a la decisi\u00f3n de la justicia suiza, su cliente no hab\u00eda sido autorizada a correr los 800 metros en la reuni\u00f3n de Rabat, el 16 de junio, por decisi\u00f3n del presidente de la Federaci\u00f3n Marroqu\u00ed de Atletismo.<\/p>\n","protected":false},"excerpt":{"rendered":"<p>El Tribunal Supremo suizo, que hab\u00eda anunciado esta suspensi\u00f3n la pasada semana, rechaz\u00f3 el mi\u00e9rcoles la apelaci\u00f3n de la IAAF, indicaron el jueves los abogados de la doble campeona ol\u00edmpica.<\/p>\n","protected":false},"author":16,"featured_media":55703,"comment_status":"closed","ping_status":"closed","sticky":false,"template":"","format":"standard","meta":[],"categories":[2,60],"tags":[],"acf":[],"_links":{"self":[{"href":"https:\/\/colimdo.org\/wp-api\/wp\/v2\/posts\/55702"}],"collection":[{"href":"https:\/\/colimdo.org\/wp-api\/wp\/v2\/posts"}],"about":[{"href":"https:\/\/colimdo.org\/wp-api\/wp\/v2\/types\/post"}],"author":[{"embeddable":true,"href":"https:\/\/colimdo.org\/wp-api\/wp\/v2\/users\/16"}],"replies":[{"embeddable":true,"href":"https:\/\/colimdo.org\/wp-api\/wp\/v2\/comments?post=55702"}],"version-history":[{"count":1,"href":"https:\/\/colimdo.org\/wp-api\/wp\/v2\/posts\/55702\/revisions"}],"predecessor-version":[{"id":55704,"href":"https:\/\/colimdo.org\/wp-api\/wp\/v2\/posts\/55702\/revisions\/55704"}],"wp:featuredmedia":[{"embeddable":true,"href":"https:\/\/colimdo.org\/wp-api\/wp\/v2\/media\/55703"}],"wp:attachment":[{"href":"https:\/\/colimdo.org\/wp-api\/wp\/v2\/media?parent=55702"}],"wp:term":[{"taxonomy":"category","embeddable":true,"href":"https:\/\/colimdo.org\/wp-api\/wp\/v2\/categories?post=55702"},{"taxonomy":"post_tag","embeddable":true,"href":"https:\/\/colimdo.org\/wp-api\/wp\/v2\/tags?post=55702"}],"curies":[{"name":"wp","href":"https:\/\/api.w.org\/{rel}","templated":true}]}}