{"id":55735,"date":"2019-06-14T17:11:39","date_gmt":"2019-06-14T17:11:39","guid":{"rendered":"https:\/\/colimdo.org\/?p=55735"},"modified":"2019-06-14T17:35:52","modified_gmt":"2019-06-14T17:35:52","slug":"pesista-luis-garcia-seria-excluido-lima-2019-tras-faltar-entrenamiento-asuntos-academicos","status":"publish","type":"post","link":"https:\/\/colimdo.org\/noticias\/pesista-luis-garcia-seria-excluido-lima-2019-tras-faltar-entrenamiento-asuntos-academicos\/","title":{"rendered":"Pesista Luis Garc\u00eda ser\u00eda excluido de Lima 2019 tras faltar a entrenamiento"},"content":{"rendered":"<p>PIO DEPORTES.- El pesista dominicano Luis Garc\u00eda podr\u00eda ser excluido de la delegaci\u00f3n que va a los Juegos Panamericanos, Lima 2019, tras ausentarse del campamento de preparaci\u00f3n por cuestiones acad\u00e9micas.<\/p>\n<p>Garc\u00eda expres\u00f3 a trav\u00e9s de sus redes sociales el desacuerdo y descontento por tal decisi\u00f3n ofreciendo sus justificaciones.<br \/>\n&#8220;Me siento indignado. Despu\u00e9s de prepararme cuatro a\u00f1os y medio en la UASD me proponen posponer la graduaci\u00f3n que tanto he anhelado y me he esforzado para conseguir&#8221;, enfatiz\u00f3 el atleta.<\/p>\n<p>Garc\u00eda asegur\u00f3 que recibi\u00f3 una notificaci\u00f3n informal de su exclusi\u00f3n del campamento con miras a los Juegos Panamericanos por no asistir al campamento para poder cumplir con sus compromisos acad\u00e9micos.<\/p>\n<p>Agreg\u00f3: &#8220;Los estudios ser\u00e1n los que me ayudar\u00e1n a llevar el pan a mi mesa luego de finalizar mi vida como atleta. Al parecer dentro de mis derechos, lo particular m\u00edo no tiene importancia&#8221;, reclam\u00f3.<\/p>\n<p>El atleta reflexion\u00f3 que el deporte no le da una seguridad de tener un buen futuro, recalcando el ejemplo de su padre, que dur\u00f3 25 a\u00f1os de servicio como entrenador y fue cancelado en la gesti\u00f3n de Jaime David Fern\u00e1ndez Mirabal.<\/p>\n<p>Habla el presidente de la Federaci\u00f3n Dominicana de Pesas:<\/p>\n<p>William Ozuna, presidente de la Federaci\u00f3n Dominicana de Pesas, indic\u00f3 en Pio Deportes que Luis Garc\u00eda es reincidente en la constancia de los entrenamientos. Inform\u00f3 que suele llegar tarde a los mismos.<\/p>\n<p>&#8220;Me hab\u00eda dicho hace dos semanas que se estaba graduando, pero no me dijo cuando&#8221;, asegur\u00f3.<\/p>\n<p>Ozuna recalc\u00f3 que tiene el deseo de otorgarle la oportunidad, pero ese tema no desea abundarlo de manera p\u00fablica, pero la federaci\u00f3n buscar\u00e1 las soluciones.<\/p>\n<p>\u00abEsta federaci\u00f3n nunca ha tenido problemas, \u00e9l no nos puede manejar a nosotros\u00bb, sostuvo.<\/p>\n<p>La delegaci\u00f3n de la Rep\u00fablica Dominicana en la disciplina de halterofilia cuenta con ocho plazas panamericanas. Actualmente cuenta con 16 atletas entrenando en Jarabacoa para seleccionar los que representar\u00edan.<\/p>\n<p>&#8220;Si Luis no practica no va a coger medalla, por hacer un nombre no va a ir a ganar. Si Crismeiry no se concentra no va a ganar. Tiene que prepararse, es lo principal en este deporte&#8221;, enfatiz\u00f3.<\/p>\n","protected":false},"excerpt":{"rendered":"<p>Garc\u00eda asegur\u00f3 que recibi\u00f3 una notificaci\u00f3n informal de su exclusi\u00f3n del campamento con miras a los Juegos Panamericanos por no asistir al campamento para poder cumplir con sus compromisos acad\u00e9micos.<\/p>\n","protected":false},"author":19,"featured_media":55736,"comment_status":"closed","ping_status":"closed","sticky":false,"template":"","format":"standard","meta":[],"categories":[2,60],"tags":[],"acf":[],"_links":{"self":[{"href":"https:\/\/colimdo.org\/wp-api\/wp\/v2\/posts\/55735"}],"collection":[{"href":"https:\/\/colimdo.org\/wp-api\/wp\/v2\/posts"}],"about":[{"href":"https:\/\/colimdo.org\/wp-api\/wp\/v2\/types\/post"}],"author":[{"embeddable":true,"href":"https:\/\/colimdo.org\/wp-api\/wp\/v2\/users\/19"}],"replies":[{"embeddable":true,"href":"https:\/\/colimdo.org\/wp-api\/wp\/v2\/comments?post=55735"}],"version-history":[{"count":3,"href":"https:\/\/colimdo.org\/wp-api\/wp\/v2\/posts\/55735\/revisions"}],"predecessor-version":[{"id":55739,"href":"https:\/\/colimdo.org\/wp-api\/wp\/v2\/posts\/55735\/revisions\/55739"}],"wp:featuredmedia":[{"embeddable":true,"href":"https:\/\/colimdo.org\/wp-api\/wp\/v2\/media\/55736"}],"wp:attachment":[{"href":"https:\/\/colimdo.org\/wp-api\/wp\/v2\/media?parent=55735"}],"wp:term":[{"taxonomy":"category","embeddable":true,"href":"https:\/\/colimdo.org\/wp-api\/wp\/v2\/categories?post=55735"},{"taxonomy":"post_tag","embeddable":true,"href":"https:\/\/colimdo.org\/wp-api\/wp\/v2\/tags?post=55735"}],"curies":[{"name":"wp","href":"https:\/\/api.w.org\/{rel}","templated":true}]}}