{"id":55740,"date":"2019-06-14T22:16:02","date_gmt":"2019-06-14T22:16:02","guid":{"rendered":"https:\/\/colimdo.org\/?p=55740"},"modified":"2019-06-14T22:16:02","modified_gmt":"2019-06-14T22:16:02","slug":"estefania-soriano-victor-pena-van-open-panamericano-judo-ecuador","status":"publish","type":"post","link":"https:\/\/colimdo.org\/noticias\/estefania-soriano-victor-pena-van-open-panamericano-judo-ecuador\/","title":{"rendered":"Estefan\u00eda Soriano y Victor Pe\u00f1a van a Open Panamericano de Judo en Ecuador"},"content":{"rendered":"<p><b>SANTO DOMINGO<\/b>. Estefan\u00eda Soriano y V\u00edctor Pe\u00f1a competir\u00e1n desde este s\u00e1bado en el Open Panamericano de Judo en las instalaciones del Coliseo de la Secretar\u00eda del Deporte en Quito, Ecuador.<\/p>\n<p>El campeonato es preparatorio para los Juegos Panamericanos que tendr\u00e1n lugar del 26 de julio al 3 de agosto.<\/p>\n<p>El entrenador Wilkin Ogando acompa\u00f1ar\u00e1 a los atletas Soriano y Pe\u00f1a.<\/p>\n<p>Judocas de 17 pa\u00edses estar\u00e1n accionando en el certamen internacional.<br \/>\nArgentina, Azerbaiy\u00e1n, Bahamas, Brasil, Canad\u00e1, Colombia, Cuba, Rep\u00fablica Dominicana, Polinesia Francesa, Hait\u00ed, Jap\u00f3n, Mauritania, Per\u00fa, Puerto Rico, Estados Unidos y el anfitri\u00f3n, son las naciones participantes.<br \/>\n<span lang=\"ES-DO\">El evento, organizado por la Confederaci\u00f3n Panamericana y la Federaci\u00f3n Ecuatoriana de la disciplina, con apoyo de la Secretar\u00eda del Deporte, conceder\u00e1 100 puntos para el ranking mundial y ol\u00edmpico de esa especialidad.<br \/>\n<\/span>De acuerdo con los adelantos, ser\u00e1n 93 los competidores que se midan en la lid regional, los d\u00edas 15 y 16 de junio.<\/p>\n","protected":false},"excerpt":{"rendered":"<p>El campeonato es preparatorio para los Juegos Panamericanos que tendr\u00e1n lugar del 26 de julio al 3 de agosto.<\/p>\n","protected":false},"author":16,"featured_media":55741,"comment_status":"closed","ping_status":"closed","sticky":false,"template":"","format":"standard","meta":[],"categories":[2,60],"tags":[],"acf":[],"_links":{"self":[{"href":"https:\/\/colimdo.org\/wp-api\/wp\/v2\/posts\/55740"}],"collection":[{"href":"https:\/\/colimdo.org\/wp-api\/wp\/v2\/posts"}],"about":[{"href":"https:\/\/colimdo.org\/wp-api\/wp\/v2\/types\/post"}],"author":[{"embeddable":true,"href":"https:\/\/colimdo.org\/wp-api\/wp\/v2\/users\/16"}],"replies":[{"embeddable":true,"href":"https:\/\/colimdo.org\/wp-api\/wp\/v2\/comments?post=55740"}],"version-history":[{"count":1,"href":"https:\/\/colimdo.org\/wp-api\/wp\/v2\/posts\/55740\/revisions"}],"predecessor-version":[{"id":55753,"href":"https:\/\/colimdo.org\/wp-api\/wp\/v2\/posts\/55740\/revisions\/55753"}],"wp:featuredmedia":[{"embeddable":true,"href":"https:\/\/colimdo.org\/wp-api\/wp\/v2\/media\/55741"}],"wp:attachment":[{"href":"https:\/\/colimdo.org\/wp-api\/wp\/v2\/media?parent=55740"}],"wp:term":[{"taxonomy":"category","embeddable":true,"href":"https:\/\/colimdo.org\/wp-api\/wp\/v2\/categories?post=55740"},{"taxonomy":"post_tag","embeddable":true,"href":"https:\/\/colimdo.org\/wp-api\/wp\/v2\/tags?post=55740"}],"curies":[{"name":"wp","href":"https:\/\/api.w.org\/{rel}","templated":true}]}}