{"id":55750,"date":"2019-06-14T22:15:20","date_gmt":"2019-06-14T22:15:20","guid":{"rendered":"https:\/\/colimdo.org\/?p=55750"},"modified":"2019-06-14T22:15:20","modified_gmt":"2019-06-14T22:15:20","slug":"rd-gana-primera-serie-del-caribe-2019-alemania","status":"publish","type":"post","link":"https:\/\/colimdo.org\/noticias\/rd-gana-primera-serie-del-caribe-2019-alemania\/","title":{"rendered":"RD gana \u201cPrimera Serie del Caribe 2019 de Alemania\u201d"},"content":{"rendered":"<p><strong>SANTO DOMINGO.-<\/strong>\u00a0Con rotundo \u00e9xito se celebr\u00f3 en Alemania la Primera Serie del Caribe 2019, la cual tuvo como lema \u201cEnarbolando Nuestro Deporte Nacional\u201d, donde el equipo dominicano result\u00f3 campe\u00f3n al derrotar 12 vueltas a dos al combinado de Venezuela.<\/p>\n<p>El certamen deportivo organizado por la Uni\u00f3n\u00a0 Latina B\u00e9isbol Germany, que preside Francis Figuereo Batista, se desarroll\u00f3\u00a0 en el sector de Garching,\u00a0 en la ciudad\u00a0 de Munich, durante los d\u00edas 8 y 9 de junio de 2019.<\/p>\n<p>En la jornada beisbolera donde el equipo dominicano se coron\u00f3 campe\u00f3n participaron adem\u00e1s los seleccionados de Cuba, Nicaragua, Venezuela y el pa\u00eds anfitri\u00f3n, Alemania.<\/p>\n<p>La Uni\u00f3n Latina\u00a0 B\u00e9isbol Germany fue fundada con el objetivo de que los inmigrantes latinos en Alemania puedan jugar su deporte rey al m\u00e1s alto nivel. La primera bola fue lanzada por el s\u00edndico de Garching, Dr. Dietmar Gruchmann.<\/p>\n<p>Asistieron destacadas personalidades como la se\u00f1ora Mercedes Altagracia Brito Veras, c\u00f3nsul general de la Rep\u00fablica Dominicana en Hamburgo, as\u00ed como la\u00a0 dirigente comunitaria y vicec\u00f3nsul en Frankfurt, Lic. Ivelisse De Oleo, trabajadora social de gran trayectoria pol\u00edtica y deportiva en favor de sus connacionales.<\/p>\n<p>Tambi\u00e9n se dio cita el\u00a0 seleccionador deportivo para Europa y encargado de Deportes en el INDEX, Sr. Domingo Cuevas, quien apoy\u00f3 desde Espa\u00f1a la celebraci\u00f3n de la justa deportiva; adem\u00e1s del se\u00f1or Pablo Tav\u00e1rez, coordinador de beisbol para Italia, entre otros.<\/p>\n<p>La Primera Serie del Caribe 2019 se convirti\u00f3 en una \u201cConvivencia Deportiva\u201d, en la cual los ciudadanos de esos pa\u00edses, residentes en Alemania, se sintieron altamente complacidos al se\u00f1alar que la velada, m\u00e1s que una competencia, fue un encuentro de confraternidad.<\/p>\n<p>En el evento deportivo se reconoci\u00f3 al Consulado Dominicano en Hamburgo, en la persona de Sra. Brito Veras y al Sr. Domingo Cuevas por sus aportes al deporte desde sus respectivas funciones.<\/p>\n<p>&nbsp;<\/p>\n","protected":false},"excerpt":{"rendered":"<p>El equipo dominicano derrot\u00f3 12-2 a Venezuela para lograr la corona del evento.<\/p>\n","protected":false},"author":16,"featured_media":55751,"comment_status":"closed","ping_status":"closed","sticky":false,"template":"","format":"standard","meta":[],"categories":[2,60],"tags":[],"acf":[],"_links":{"self":[{"href":"https:\/\/colimdo.org\/wp-api\/wp\/v2\/posts\/55750"}],"collection":[{"href":"https:\/\/colimdo.org\/wp-api\/wp\/v2\/posts"}],"about":[{"href":"https:\/\/colimdo.org\/wp-api\/wp\/v2\/types\/post"}],"author":[{"embeddable":true,"href":"https:\/\/colimdo.org\/wp-api\/wp\/v2\/users\/16"}],"replies":[{"embeddable":true,"href":"https:\/\/colimdo.org\/wp-api\/wp\/v2\/comments?post=55750"}],"version-history":[{"count":1,"href":"https:\/\/colimdo.org\/wp-api\/wp\/v2\/posts\/55750\/revisions"}],"predecessor-version":[{"id":55752,"href":"https:\/\/colimdo.org\/wp-api\/wp\/v2\/posts\/55750\/revisions\/55752"}],"wp:featuredmedia":[{"embeddable":true,"href":"https:\/\/colimdo.org\/wp-api\/wp\/v2\/media\/55751"}],"wp:attachment":[{"href":"https:\/\/colimdo.org\/wp-api\/wp\/v2\/media?parent=55750"}],"wp:term":[{"taxonomy":"category","embeddable":true,"href":"https:\/\/colimdo.org\/wp-api\/wp\/v2\/categories?post=55750"},{"taxonomy":"post_tag","embeddable":true,"href":"https:\/\/colimdo.org\/wp-api\/wp\/v2\/tags?post=55750"}],"curies":[{"name":"wp","href":"https:\/\/api.w.org\/{rel}","templated":true}]}}