{"id":55757,"date":"2019-06-14T22:26:07","date_gmt":"2019-06-14T22:26:07","guid":{"rendered":"https:\/\/colimdo.org\/?p=55757"},"modified":"2019-06-14T22:26:07","modified_gmt":"2019-06-14T22:26:07","slug":"francisco-garcia-afirma-basket-rd-necesita-angel-delgado","status":"publish","type":"post","link":"https:\/\/colimdo.org\/noticias\/francisco-garcia-afirma-basket-rd-necesita-angel-delgado\/","title":{"rendered":"Francisco Garc\u00eda afirma b\u00e1sket RD necesita \u00c1ngel Delgado"},"content":{"rendered":"<p>SANTO DOMINGO, EL DIA.-Despu\u00e9s de un aparente \u2018mal entendido\u2019, finalmente el p\u00edvot NBA \u00c1ngel Luis Delgado y el gerente general Francisco Garc\u00eda hablaron el lenguaje propio del baloncesto, y se pusieron de acuerdo para que el fornido jugador de los Clippers, nativo de Haina, integre la selecci\u00f3n dominicana que defender\u00e1 los colores patrios, primero en los Juegos Panamericanos de Lima, Per\u00fa, y luego en la Copa Mundial FIBA de China este a\u00f1o.<\/p>\n<p>Recientemente, Delgado dijo que est\u00e1 entusiasmado y prepar\u00e1ndose para dar lo mejor de s\u00ed en ambos cert\u00e1menes. \u201cQuiero decirle a mi pa\u00eds que siempre estar\u00e9 disponible, si la salud me lo permite, de jugar con mi selecci\u00f3n nacional\u201d, se\u00f1al\u00f3 Delgado.<\/p>\n<p>Deseo que todos sepan que nunca pondr\u00e9 obst\u00e1culos para colocarme la franela de mi querida bandera\u201d. De su lado Garc\u00eda, elogi\u00f3 la actitud y disponibilidad del jugador, asegurando que ser\u00e1 uno de los pilares en las aspiraciones del equipo tricolor, tanto en Per\u00fa como en China.<\/p>\n<p>\u201cDesde que conozco a Delgado, \u00e9l ha sido un doliente de su patria\u201d, expres\u00f3 Garc\u00eda. \u201c\u00c9l sabe que lo necesitamos y quiere jugar, as\u00ed que bienvenido sea. \u00a1Y nos vemos en China\u201d.<\/p>\n<p>El equipo tricolor tiene previsto jugar partidos de fogueo, primero contra Nigeria en el pa\u00eds (19 y 25 de julio) y luego contra Espa\u00f1a (22 de agosto), en Wiznik Center de Madrid y ante China (25 de agosto) en Suzhou,<\/p>\n<p>18.5 Puntos promedi\u00f3 por partido.<br \/>\n\u00c1ngel Delgado, con 14.8 rebotes y tir\u00f3 61.5% de campo, el M\u00e1s Valioso de la NBAGLeague.<\/p>\n<p>\u2014 Armando equipo<br \/>\nGarc\u00eda dijo que el cuerpo t\u00e9cnico trabaja en armar el mejor equipo posible para los Panam de Per\u00fa (26 de julio al 11 de agosto) y para el Mundial de China, que se jugar\u00e1 del 31 de agosto al 15 de septiembre.<\/p>\n<p>&nbsp;<\/p>\n","protected":false},"excerpt":{"rendered":"<p>Recientemente, Delgado dijo que est\u00e1 entusiasmado y prepar\u00e1ndose para dar lo mejor de s\u00ed en ambos cert\u00e1menes. \u201cQuiero decirle a mi pa\u00eds que siempre estar\u00e9 disponible, si la salud me lo permite, de jugar con mi selecci\u00f3n nacional\u201d, se\u00f1al\u00f3 Delgado.<\/p>\n","protected":false},"author":16,"featured_media":55758,"comment_status":"closed","ping_status":"closed","sticky":false,"template":"","format":"standard","meta":[],"categories":[2,60],"tags":[],"acf":[],"_links":{"self":[{"href":"https:\/\/colimdo.org\/wp-api\/wp\/v2\/posts\/55757"}],"collection":[{"href":"https:\/\/colimdo.org\/wp-api\/wp\/v2\/posts"}],"about":[{"href":"https:\/\/colimdo.org\/wp-api\/wp\/v2\/types\/post"}],"author":[{"embeddable":true,"href":"https:\/\/colimdo.org\/wp-api\/wp\/v2\/users\/16"}],"replies":[{"embeddable":true,"href":"https:\/\/colimdo.org\/wp-api\/wp\/v2\/comments?post=55757"}],"version-history":[{"count":1,"href":"https:\/\/colimdo.org\/wp-api\/wp\/v2\/posts\/55757\/revisions"}],"predecessor-version":[{"id":55759,"href":"https:\/\/colimdo.org\/wp-api\/wp\/v2\/posts\/55757\/revisions\/55759"}],"wp:featuredmedia":[{"embeddable":true,"href":"https:\/\/colimdo.org\/wp-api\/wp\/v2\/media\/55758"}],"wp:attachment":[{"href":"https:\/\/colimdo.org\/wp-api\/wp\/v2\/media?parent=55757"}],"wp:term":[{"taxonomy":"category","embeddable":true,"href":"https:\/\/colimdo.org\/wp-api\/wp\/v2\/categories?post=55757"},{"taxonomy":"post_tag","embeddable":true,"href":"https:\/\/colimdo.org\/wp-api\/wp\/v2\/tags?post=55757"}],"curies":[{"name":"wp","href":"https:\/\/api.w.org\/{rel}","templated":true}]}}