{"id":55774,"date":"2019-06-15T17:19:50","date_gmt":"2019-06-15T17:19:50","guid":{"rendered":"https:\/\/colimdo.org\/?p=55774"},"modified":"2019-06-15T17:20:07","modified_gmt":"2019-06-15T17:20:07","slug":"convocan-reunion-abordar-temas-juegos-panam-lima","status":"publish","type":"post","link":"https:\/\/colimdo.org\/noticias\/convocan-reunion-abordar-temas-juegos-panam-lima\/","title":{"rendered":"Convocan reuni\u00f3n para abordar temas sobre Juegos Panam  de Lima"},"content":{"rendered":"<p><strong>SANTO DOMINGO<\/strong>.- Los presidentes de Federaciones, delegados y entrenadores de las diferentes disciplinas que asistir\u00e1n a los XVIII Juegos Panamericanos de Lima 2019 han sido convocados a una reuni\u00f3n que tendr\u00e1 lugar el pr\u00f3ximo lunes.<\/p>\n<p><span style=\"font-style: inherit; font-weight: inherit;\">El encuentro para ofrecer m\u00faltiples informaciones est\u00e1 fijado para las 10:00 de la ma\u00f1ana de este lunes, 17 de junio pr\u00f3ximo, en el sal\u00f3n de asambleas Juan Ulises Garc\u00eda Saleta (Wiche).<\/span><\/p>\n<p><span style=\"font-style: inherit; font-weight: inherit;\">La convocatoria est\u00e1 consignada en una circular enviada a las Federaciones Deportivas Nacionales, la cual est\u00e1 firmada por Luis Mej\u00eda Oviedo y Gilberto Garc\u00eda, presidente y Secretario General respectivamente, del COD.<\/span><\/p>\n<p><span style=\"font-style: inherit; font-weight: inherit;\">Los XVIII Juegos Panamericanos de Lima 2019 ser\u00e1n celebrados del 26 de julio al 11 de agosto.<\/span><\/p>\n<p><span style=\"font-style: inherit; font-weight: inherit;\">La Rep\u00fablica Dominicana tiene concentrados a cerca de un centenar de atletas en el Albergue Ol\u00edmpico y otros se encuentran haciendo bases de entrenamientos en el extranjero.<\/span><\/p>\n","protected":false},"excerpt":{"rendered":"<p>El encuentro para ofrecer m\u00faltiples informaciones est\u00e1 fijado para las 10:00 de la ma\u00f1ana de este lunes en el sal\u00f3n de asambleas Juan Ulises Garc\u00eda Saleta<\/p>\n","protected":false},"author":13,"featured_media":55775,"comment_status":"closed","ping_status":"closed","sticky":false,"template":"","format":"standard","meta":[],"categories":[2,60],"tags":[],"acf":[],"_links":{"self":[{"href":"https:\/\/colimdo.org\/wp-api\/wp\/v2\/posts\/55774"}],"collection":[{"href":"https:\/\/colimdo.org\/wp-api\/wp\/v2\/posts"}],"about":[{"href":"https:\/\/colimdo.org\/wp-api\/wp\/v2\/types\/post"}],"author":[{"embeddable":true,"href":"https:\/\/colimdo.org\/wp-api\/wp\/v2\/users\/13"}],"replies":[{"embeddable":true,"href":"https:\/\/colimdo.org\/wp-api\/wp\/v2\/comments?post=55774"}],"version-history":[{"count":1,"href":"https:\/\/colimdo.org\/wp-api\/wp\/v2\/posts\/55774\/revisions"}],"predecessor-version":[{"id":55776,"href":"https:\/\/colimdo.org\/wp-api\/wp\/v2\/posts\/55774\/revisions\/55776"}],"wp:featuredmedia":[{"embeddable":true,"href":"https:\/\/colimdo.org\/wp-api\/wp\/v2\/media\/55775"}],"wp:attachment":[{"href":"https:\/\/colimdo.org\/wp-api\/wp\/v2\/media?parent=55774"}],"wp:term":[{"taxonomy":"category","embeddable":true,"href":"https:\/\/colimdo.org\/wp-api\/wp\/v2\/categories?post=55774"},{"taxonomy":"post_tag","embeddable":true,"href":"https:\/\/colimdo.org\/wp-api\/wp\/v2\/tags?post=55774"}],"curies":[{"name":"wp","href":"https:\/\/api.w.org\/{rel}","templated":true}]}}