{"id":55832,"date":"2019-06-16T19:28:51","date_gmt":"2019-06-16T19:28:51","guid":{"rendered":"https:\/\/colimdo.org\/?p=55832"},"modified":"2019-06-16T19:31:46","modified_gmt":"2019-06-16T19:31:46","slug":"atletas-campo-pista-van-ultimo-clasificatorio-lima-2019","status":"publish","type":"post","link":"https:\/\/colimdo.org\/noticias\/atletas-campo-pista-van-ultimo-clasificatorio-lima-2019\/","title":{"rendered":"Atletas de campo y pista van  a \u00faltimo clasificatorio Lima 2019"},"content":{"rendered":"<p class=\"x_MsoNormal\"><b>SANTO DOMINGO.<\/b>\u00a0El medallista de plata ol\u00edmpico Luguel\u00edn Santos, su hermano Juander y otros veteranos atletas como Yancarlos Mart\u00ednez, Yohandris, Christopher Valdez y Ana Jos\u00e9 Tima encabezan un grupo de 24 atletas dominicanos que buscar\u00e1n en el Grand Prix de Cali, el boleto para los Juegos Panamericanos de Lima 2019.<\/p>\n<p class=\"x_MsoNormal\">Los atletas dominicanos salen este mi\u00e9rcoles con destino a esa ciudad colombiana, donde cada uno luchar\u00e1 por conseguir la marca m\u00ednima que le permita clasificar a los Panamericanos de Lima, que se disputar\u00e1 desde el pr\u00f3ximo 26 de julio hasta el 11 de agosto.<\/p>\n<p class=\"x_MsoNormal\">El Grand Prix de Santiago Cali tendr\u00e1 lugar los d\u00edas 22 y 23 de este mes con la presencia de los mejores atletas de la mayor\u00eda de pa\u00edses del continente.<\/p>\n<p class=\"x_MsoNormal\">\u201cLos muchachos viajan preparados t\u00e9cnica y competitivamente y optimistas del papel que desempe\u00f1ar\u00e1n durante sus respectivas competencias\u201d, coment\u00f3 el presidente de la Federaci\u00f3n Dominicana de Asociaciones de Atletismo, Gerardo Suero Correa.<\/p>\n<p class=\"x_MsoNormal\">Dijo que al menos atletas de campo podr\u00edan formar parte de la delegaci\u00f3n oficial que se prepara con los fondos de Lima 2019 otorgados por el gobierno central, a trav\u00e9s del Ministerio de Deportes.<\/p>\n<p class=\"x_MsoNormal\">Suero Correa mostr\u00f3 su agradecimiento por el respaldo ofrecido por el ministro de Deportes, Danilo D\u00edaz, para que la delegaci\u00f3n pueda asistir al \u00faltimo clasificatorio del a\u00f1o con miras a los Panamericanos del Lima.<\/p>\n<p class=\"x_MsoNormal\">Buena combinaci\u00f3n<\/p>\n<p class=\"x_MsoNormal\">Dijo que adem\u00e1s de los veteranos citados m\u00e1s arriba, la delegaci\u00f3n dominicana estar\u00e1 integrada por las figuras emergentes del atletismo nacional, como Marileidy Paulino, Martha M\u00e9ndez, Anabel Medina, Kiara Rodr\u00edguez, Estrella de Aza, Milagros Dur\u00e1n y Fiordaliza Cofil.<\/p>\n<p class=\"x_MsoNormal\">Otros j\u00f3venes atletas que conforman la delegaci\u00f3n son Lilian Reyes Gil, Mar\u00eda Fernanda Matos, Mayobanex De Oleo, Jos\u00e9 Gonz\u00e1lez, Raymond Urbino, Lidio F\u00e9liz, Leonel Bon\u00f3n, Luis Charles, Robert King, Angelo F\u00e9liz y Ferdy Agramonte.<\/p>\n<p class=\"x_MsoNormal\">Ser\u00e1n dirigidos por los entrenadores Ram\u00f3n Molina, el cubano Yassen P\u00e9rez y la ex atleta ol\u00edmpica Marleny Mej\u00eda. Miguel N\u00fa\u00f1ez ser\u00e1 el delegado t\u00e9cnico y jefe de la escuadra dominicana.<\/p>\n<p class=\"x_MsoNormal\">En femenino, Paulino, M\u00e9ndez, De Aza y Rodr\u00edguez competir\u00e1n en 100 y 200 metros planos, as\u00ed como en el relevo 4&#215;100 femenino. Anabel lo har\u00e1 en 200 y 400 planos, Cofil y Dur\u00e1n en 400m, Tim\u00e1 en salto triple, Gil correr\u00e1 los 800 metros y Matos los 400 con vallas.<\/p>\n<p class=\"x_MsoNormal\">En la rama masculina, And\u00fajar, Valdez y De Oleo competir\u00e1n en 100 lisos, Gonz\u00e1lez, F\u00e9liz y Urbino en 100 y 200m, Yancarlos en 200m, Feliz en 200 y 400, Juander y King en 400 con vallas, Luguel\u00edn, Charles y Bon\u00f3n en 400 planos, mientras que Agramonte se batir\u00e1 en los 800 planos.<\/p>\n","protected":false},"excerpt":{"rendered":"<p>Buscar\u00e1n en Grand Prix de Cali sus boletos a los Panamericanos.<\/p>\n","protected":false},"author":16,"featured_media":55835,"comment_status":"closed","ping_status":"closed","sticky":false,"template":"","format":"standard","meta":[],"categories":[2,60],"tags":[],"acf":[],"_links":{"self":[{"href":"https:\/\/colimdo.org\/wp-api\/wp\/v2\/posts\/55832"}],"collection":[{"href":"https:\/\/colimdo.org\/wp-api\/wp\/v2\/posts"}],"about":[{"href":"https:\/\/colimdo.org\/wp-api\/wp\/v2\/types\/post"}],"author":[{"embeddable":true,"href":"https:\/\/colimdo.org\/wp-api\/wp\/v2\/users\/16"}],"replies":[{"embeddable":true,"href":"https:\/\/colimdo.org\/wp-api\/wp\/v2\/comments?post=55832"}],"version-history":[{"count":1,"href":"https:\/\/colimdo.org\/wp-api\/wp\/v2\/posts\/55832\/revisions"}],"predecessor-version":[{"id":55834,"href":"https:\/\/colimdo.org\/wp-api\/wp\/v2\/posts\/55832\/revisions\/55834"}],"wp:featuredmedia":[{"embeddable":true,"href":"https:\/\/colimdo.org\/wp-api\/wp\/v2\/media\/55835"}],"wp:attachment":[{"href":"https:\/\/colimdo.org\/wp-api\/wp\/v2\/media?parent=55832"}],"wp:term":[{"taxonomy":"category","embeddable":true,"href":"https:\/\/colimdo.org\/wp-api\/wp\/v2\/categories?post=55832"},{"taxonomy":"post_tag","embeddable":true,"href":"https:\/\/colimdo.org\/wp-api\/wp\/v2\/tags?post=55832"}],"curies":[{"name":"wp","href":"https:\/\/api.w.org\/{rel}","templated":true}]}}