{"id":55875,"date":"2019-06-17T15:54:29","date_gmt":"2019-06-17T15:54:29","guid":{"rendered":"https:\/\/colimdo.org\/?p=55875"},"modified":"2019-06-17T15:54:29","modified_gmt":"2019-06-17T15:54:29","slug":"nadal-inicia-la-hierba-del-mallorca-open-preparacion-wimbledon","status":"publish","type":"post","link":"https:\/\/colimdo.org\/noticias\/nadal-inicia-la-hierba-del-mallorca-open-preparacion-wimbledon\/","title":{"rendered":"Nadal inicia en la hierba del Mallorca Open su preparaci\u00f3n para Wimbledon"},"content":{"rendered":"<div data-reactid=\"41\">\n<div id=\"mrt-node-Col1-0-ContentCanvas\" data-locator=\"subtree-root\">\n<div id=\"Col1-0-ContentCanvas-Proxy\" data-reactroot=\"\" data-reactid=\"1\" data-react-checksum=\"-866224975\">\n<div id=\"Col1-0-ContentCanvas\" class=\"content-canvas Bgc(#fff) Pos(r)\" data-reactid=\"2\">\n<article data-uuid=\"6fbd7307-4ec2-32ba-8b37-00ed31a1684d\" data-type=\"story\" data-reactid=\"9\">\n<div class=\"canvas-body Wow(bw) Cl(start) Mb(20px) Fz(15px) Lh(1.6) C($c-fuji-grey-l) Ff($ff-secondary) D(i)\" data-reactid=\"30\">\n<p class=\"canvas-atom canvas-text Mb(1.0em) Mb(0)--sm Mt(0.8em)--sm\" data-reactid=\"31\">Calvi\u00e1 (Mallorca), 17 jun (EFE).- El tenista espa\u00f1ol Rafael Nadal ha iniciado este lunes en las pistas de hierba natural del Country Club de Santa Ponsa, sede del torneo femenino Mallorca Open, su preparaci\u00f3n para competir en Wimbledon, tercer Grand Slam de la temporada.<\/p>\n<p class=\"canvas-atom canvas-text Mb(1.0em) Mb(0)--sm Mt(0.8em)--sm\" data-reactid=\"32\">D\u00edas despu\u00e9s de conquistar su duod\u00e9cimo t\u00edtulo de Roland Garros, Nadal se ejercit\u00f3 bajo un intenso calor y durante dos horas junto con su entrenador Carlos Moy\u00e1 y el fisioterapeuta Rafael Maym\u00f3.<\/p>\n<p class=\"canvas-atom canvas-text Mb(1.0em) Mb(0)--sm Mt(0.8em)--sm\" data-reactid=\"33\">El tenista balear, ganador de 18 Grand Slams, ocup\u00f3 una de las pistas de entrenamiento del Mallorca Open WTA, como ha venido haciendo en los \u00faltimos tres a\u00f1os.<\/p>\n<p class=\"canvas-atom canvas-text Mb(1.0em) Mb(0)--sm Mt(0.8em)--sm\" data-reactid=\"34\">La adaptaci\u00f3n a la hierba de Nadal fue seguida por decenas de aficionados, que no quisieron perderse la rutina del campe\u00f3n mallorqu\u00edn en su puesta a punto para llegar a Londres en la mejor condici\u00f3n posibles.<\/p>\n<p class=\"canvas-atom canvas-text Mb(1.0em) Mb(0)--sm Mt(0.8em)--sm\" data-reactid=\"35\">Nadal y Moy\u00e1 pelotearon a un ritmo muy alto durante la primera hora de entrenamiento, en un intercambio de golpes de derecha y rev\u00e9s. El tenista mallorqu\u00edn dedic\u00f3 varios minutos a golpear en la red y a perfeccionar el saque, antes de abandonar las instalaciones del Mallorca Open escoltado por numerosos seguidores y miembros del equipo de seguridad del torneo.<\/p>\n<p class=\"canvas-atom canvas-text Mb(1.0em) Mb(0)--sm Mt(0.8em)--sm\" data-reactid=\"36\">Nadal, que ha ganado Wimbledon en dos ocasiones, fue semifinalista el a\u00f1o pasado, protagonizando vibrantes partidos como el que le enfrent\u00f3 al argentino Juan Mart\u00edn del Potro en cuartos de final y al serbio Novak Djokovic en la pen\u00faltima ronda.<\/p>\n<p class=\"canvas-atom canvas-text Mb(1.0em) Mb(0)--sm Mt(0.8em)--sm\" data-reactid=\"37\">Seg\u00fan han confirmado los organizadores del Mallorca Open, el tenista de Manacor, que lidera la carrera a Londres como mejor jugador de 2019, tiene previsto continuar durante los pr\u00f3ximos d\u00edas con su adaptaci\u00f3n a la hierba natural.<\/p>\n<div data-reactid=\"38\"><\/div>\n<\/div>\n<\/article>\n<\/div>\n<\/div>\n<\/div>\n<\/div>\n<div data-reactid=\"42\"><\/div>\n<div data-reactid=\"43\">\u00a0&#8211;<\/div>\n","protected":false},"excerpt":{"rendered":"<p>D\u00edas despu\u00e9s de conquistar su duod\u00e9cimo t\u00edtulo de Roland Garros, Nadal se ejercit\u00f3 bajo un intenso calor y durante dos horas junto con su entrenador Carlos Moy\u00e1 y el fisioterapeuta Rafael Maym\u00f3.<\/p>\n","protected":false},"author":16,"featured_media":55877,"comment_status":"closed","ping_status":"closed","sticky":false,"template":"","format":"standard","meta":[],"categories":[2,60],"tags":[],"acf":[],"_links":{"self":[{"href":"https:\/\/colimdo.org\/wp-api\/wp\/v2\/posts\/55875"}],"collection":[{"href":"https:\/\/colimdo.org\/wp-api\/wp\/v2\/posts"}],"about":[{"href":"https:\/\/colimdo.org\/wp-api\/wp\/v2\/types\/post"}],"author":[{"embeddable":true,"href":"https:\/\/colimdo.org\/wp-api\/wp\/v2\/users\/16"}],"replies":[{"embeddable":true,"href":"https:\/\/colimdo.org\/wp-api\/wp\/v2\/comments?post=55875"}],"version-history":[{"count":1,"href":"https:\/\/colimdo.org\/wp-api\/wp\/v2\/posts\/55875\/revisions"}],"predecessor-version":[{"id":55878,"href":"https:\/\/colimdo.org\/wp-api\/wp\/v2\/posts\/55875\/revisions\/55878"}],"wp:featuredmedia":[{"embeddable":true,"href":"https:\/\/colimdo.org\/wp-api\/wp\/v2\/media\/55877"}],"wp:attachment":[{"href":"https:\/\/colimdo.org\/wp-api\/wp\/v2\/media?parent=55875"}],"wp:term":[{"taxonomy":"category","embeddable":true,"href":"https:\/\/colimdo.org\/wp-api\/wp\/v2\/categories?post=55875"},{"taxonomy":"post_tag","embeddable":true,"href":"https:\/\/colimdo.org\/wp-api\/wp\/v2\/tags?post=55875"}],"curies":[{"name":"wp","href":"https:\/\/api.w.org\/{rel}","templated":true}]}}