{"id":55884,"date":"2019-06-17T16:19:48","date_gmt":"2019-06-17T16:19:48","guid":{"rendered":"https:\/\/colimdo.org\/?p=55884"},"modified":"2019-06-17T16:19:48","modified_gmt":"2019-06-17T16:19:48","slug":"la-dea-investiga-incidente-david-ortiz","status":"publish","type":"post","link":"https:\/\/colimdo.org\/noticias\/la-dea-investiga-incidente-david-ortiz\/","title":{"rendered":"La DEA investiga incidente de David Ortiz"},"content":{"rendered":"<p>El NY Daily News report\u00f3 que la DEA, la agencia de los Estados Unidos que combate el tr\u00e1fico de drogas, est\u00e1 de lleno en la investigaci\u00f3n del atentado contra David Ortiz.<\/p>\n<p>Seg\u00fan el reporte, habr\u00eda un poderoso capo que es de inter\u00e9s de la DEA. Una vocera de la instituci\u00f3n dijo que \u201cla DEA no puede comentar en una investigaci\u00f3n que est\u00e1 en proceso\u201d.<\/p>\n<p>Dos fuentes vinculadas a organismos de seguridad, confirmaron al Daily News que la DEA investiga el caso de Ortiz y es posible que el Departamento de Estado y otras dependencias brinden asistencia por igual.<\/p>\n<p>El diario de Nueva York, en su nota que es del fin de semana, se\u00f1ala otros elementos en el caso de Ortiz, como un alegado incidente que tuvo en su veh\u00edculo marca Lexus, que supuestamente fue perseguido por un Mercedes Benz negro hace varios meses. Todo esto en base a fuentes, ya que no hubo reportes oficiales.<\/p>\n<p>De igual forma describe el lugar en el que Ortiz recibi\u00f3 el disparo como una zona donde van personas de reputaci\u00f3n dudosa y de ser una \u00e1rea que no es segura.<\/p>\n<p>Tambi\u00e9n se menciona un incidente con apuestas en el a\u00f1o 2005 que tuvo una persona que era de la confianza de David, que luego fue acusado y deportado.<br \/>\nOrtiz, seg\u00fan reportes, neg\u00f3 cualquier v\u00ednculo con estas acusaciones y no recibi\u00f3 sanci\u00f3n alguna de la Major League Baseball (MLB)<\/p>\n","protected":false},"excerpt":{"rendered":"<p>Seg\u00fan el reporte, habr\u00eda un poderoso capo que es de inter\u00e9s de la DEA. Una vocera de la instituci\u00f3n dijo que \u201cla DEA no puede comentar en una investigaci\u00f3n que est\u00e1 en proceso\u201d.<\/p>\n","protected":false},"author":16,"featured_media":55885,"comment_status":"closed","ping_status":"closed","sticky":false,"template":"","format":"standard","meta":[],"categories":[2,60],"tags":[],"acf":[],"_links":{"self":[{"href":"https:\/\/colimdo.org\/wp-api\/wp\/v2\/posts\/55884"}],"collection":[{"href":"https:\/\/colimdo.org\/wp-api\/wp\/v2\/posts"}],"about":[{"href":"https:\/\/colimdo.org\/wp-api\/wp\/v2\/types\/post"}],"author":[{"embeddable":true,"href":"https:\/\/colimdo.org\/wp-api\/wp\/v2\/users\/16"}],"replies":[{"embeddable":true,"href":"https:\/\/colimdo.org\/wp-api\/wp\/v2\/comments?post=55884"}],"version-history":[{"count":1,"href":"https:\/\/colimdo.org\/wp-api\/wp\/v2\/posts\/55884\/revisions"}],"predecessor-version":[{"id":55886,"href":"https:\/\/colimdo.org\/wp-api\/wp\/v2\/posts\/55884\/revisions\/55886"}],"wp:featuredmedia":[{"embeddable":true,"href":"https:\/\/colimdo.org\/wp-api\/wp\/v2\/media\/55885"}],"wp:attachment":[{"href":"https:\/\/colimdo.org\/wp-api\/wp\/v2\/media?parent=55884"}],"wp:term":[{"taxonomy":"category","embeddable":true,"href":"https:\/\/colimdo.org\/wp-api\/wp\/v2\/categories?post=55884"},{"taxonomy":"post_tag","embeddable":true,"href":"https:\/\/colimdo.org\/wp-api\/wp\/v2\/tags?post=55884"}],"curies":[{"name":"wp","href":"https:\/\/api.w.org\/{rel}","templated":true}]}}