{"id":55910,"date":"2019-06-18T01:27:55","date_gmt":"2019-06-18T01:27:55","guid":{"rendered":"https:\/\/colimdo.org\/?p=55910"},"modified":"2019-06-18T01:27:55","modified_gmt":"2019-06-18T01:27:55","slug":"juegos-escolares-deportivos-nacionales-inician-7-noviembre","status":"publish","type":"post","link":"https:\/\/colimdo.org\/noticias\/juegos-escolares-deportivos-nacionales-inician-7-noviembre\/","title":{"rendered":"Juegos Escolares Deportivos Nacionales inician el 7 de noviembre"},"content":{"rendered":"<p><strong>SANTO DOMINGO<\/strong>.- El ministro de Educaci\u00f3n, Antonio Pe\u00f1a Mirabal, junto a Danilo D\u00edaz, ministro de Deportes, Luis Mej\u00eda, presidente del Comit\u00e9 Ol\u00edmpico Dominicano, el senador Charlie Mariotti, y el director ejecutivo del Instituto Nacional de Educaci\u00f3n F\u00edsica (INEFI) INEFI, ingeniero Jorge Minaya, anunciaron en rueda de prensa en la sede del MINERD, el 7 de noviembre pr\u00f3ximo como la fecha de inicio de los IX Juegos Escolares Deportivos Nacionales Monte Plata 2019, la cual es D\u00eda del Deporte Nacional.<\/p>\n<p><span style=\"font-style: inherit; font-weight: inherit;\">En ese sentido, presentaron la ruta cr\u00edtica a seguir para el montaje de los juegos y los escenarios en que se desarrollar\u00e1n las distintas competencias que ser\u00e1n en los diferentes municipios de la provincia Monte Plata.<\/span><\/p>\n<p><span style=\"font-style: inherit; font-weight: inherit;\">Explicaron que en esta justa participar\u00e1n representantes de las 18 regionales educativas en 22 disciplinas deportivas.<\/span><\/p>\n<p><span style=\"font-style: inherit; font-weight: inherit;\">Pe\u00f1a Mirabal expres\u00f3 su confianza de que estas actividades deportivas tendr\u00e1n el mayor \u00e9xito jam\u00e1s visto en estos juegos.<\/span><\/p>\n<p><span style=\"font-style: inherit; font-weight: inherit;\">\u201cEn esto debemos destacar la integraci\u00f3n a los preparativos del Ministerio de Deportes, el Comit\u00e9 Ol\u00edmpico Dominicano y la Oficina Senatorial de Monte Plata, con el senador Charlie Mariotti a la cabeza\u201d, dijo Pe\u00f1a Mirabal.<\/span><\/p>\n<p><span style=\"font-style: inherit; font-weight: inherit;\">Para estos juegos el INEFI trabaja en las eliminatorias de las 22 disciplinas en las cuales estar\u00e1n compitiendo las 18 regionales educativas en que est\u00e1 dividido el sistema educativo dominicano.<\/span><\/p>\n<p><span style=\"font-style: inherit; font-weight: inherit;\">\u201cLa ruta cr\u00edtica establece el 11 de julio para la celebraci\u00f3n de una asamblea t\u00e9cnica del INEFI con los t\u00e9cnicos distritales, regionales, zonales y nacionales. Asimismo, del 6 al 9 de agosto, habr\u00e1 reuniones con los profesores de educaci\u00f3n f\u00edsica en cada distrito educativo\u201d, se\u00f1al\u00f3 Minaya.<\/span><\/p>\n<p><span style=\"font-style: inherit; font-weight: inherit;\">Agreg\u00f3 que las eliminatorias intramuros en cada centro educativo ser\u00e1n del 2 al 6 de septiembre. En tanto que la apertura formal del proceso eliminatorio de los IX Juegos Escolares Deportivos Nacionales Monte Plata 2019 ser\u00e1 el 10 de septiembre.<\/span><\/p>\n<p><span style=\"font-style: inherit; font-weight: inherit;\">Mientras que las eliminatorias distritales en las regionales educativas ser\u00e1n del 25 de septiembre al 3 de octubre.<\/span><\/p>\n<p><span style=\"font-style: inherit; font-weight: inherit;\">El fuego escolar iniciar\u00e1 su recorrido por las 18 regionales educativas el 15 de octubre pr\u00f3ximo.<\/span><\/p>\n<p><span style=\"font-style: inherit; font-weight: inherit;\">Como se anunci\u00f3, los juegos escolares iniciar\u00e1n el 7 de noviembre y se extender\u00e1n hasta el s\u00e1bado 16 del mismo mes.<\/span><\/p>\n<p><span style=\"font-style: inherit; font-weight: inherit;\">Danilo D\u00edaz enfatiz\u00f3 que con este anuncio cumplimos con la ejecuci\u00f3n de los juegos cada dos a\u00f1os y que Rep\u00fablica Dominicana siga cumpliendo con la iniciaci\u00f3n del deporte en las escuelas.<\/span><\/p>\n<p><span style=\"font-style: inherit; font-weight: inherit;\">\u201cLa alianza Deporte-Educaci\u00f3n es fundamental, porque no hay otra manera de echar hacia delante el deporte\u201d, indic\u00f3 D\u00edaz.<\/span><\/p>\n<p><span style=\"font-style: inherit; font-weight: inherit;\">El presidente del COD destac\u00f3 la continuidad del Estado en la celebraci\u00f3n de los juegos escolares, as\u00ed como resalt\u00f3 el conocimiento \u00a0y la integraci\u00f3n del ministro de Educaci\u00f3n en estos juegos.<\/span><\/p>\n<p><span style=\"font-style: inherit; font-weight: inherit;\">\u201cEstos juegos ser\u00e1n los mejores, porque la gente de la sede de Monte Plata se interesan por quedar bien, y el carril de los juegos escolares est\u00e1 en marcha\u201d, afirm\u00f3 Mej\u00eda.<\/span><\/p>\n<p><span style=\"font-style: inherit; font-weight: inherit;\">Por su lado, el senador Mariotti garantiz\u00f3 que los juegos escolares tendr\u00e1n un antes, un durante y un despu\u00e9s en la historia de estas actividades.<\/span><\/p>\n<p><span style=\"font-style: inherit; font-weight: inherit;\">\u201cSer\u00e1n diferentes en materia de comunicaci\u00f3n, calidad t\u00e9cnica, y en organizaci\u00f3n\u201d, asegur\u00f3 el legislador.<\/span><\/p>\n<p><span style=\"font-style: inherit; font-weight: inherit;\">Los juegos escolares tendr\u00e1n como sede para el ajedrez, el baloncesto 3&#215;3, y las carreras de orientaci\u00f3n al municipio Peralvillo; atletismo, atletismo adaptado, b\u00e1dminton, b\u00e1dminton adaptado, f\u00fatbol 11, judo, lucha, y voleibol de playa, ser\u00e1n en Bayaguana.<\/span><\/p>\n<p><span style=\"font-style: inherit; font-weight: inherit;\">Adem\u00e1s, en Monte Plata se jugar\u00e1 baloncesto, baloncesto adaptado, b\u00e9isbol, gimnasia, karate, softbol, tae kwon do, tenis de mesa, y tenis de mesa adaptado; mientras que en Sabana Grande de Boy\u00e1 ser\u00e1 el balonmano y el boxeo; y toda la acci\u00f3n del f\u00fatbol sala, el levantamiento de pesas y el voleibol estar\u00e1 en Yamas\u00e1.<\/span><\/p>\n","protected":false},"excerpt":{"rendered":"<p>Este lunes fue presentada la ruta cr\u00edtica a seguir para el montaje de los juegos y los escenarios en que se desarrollar\u00e1n las competencias.<\/p>\n","protected":false},"author":13,"featured_media":55911,"comment_status":"closed","ping_status":"closed","sticky":false,"template":"","format":"standard","meta":[],"categories":[2,60],"tags":[],"acf":[],"_links":{"self":[{"href":"https:\/\/colimdo.org\/wp-api\/wp\/v2\/posts\/55910"}],"collection":[{"href":"https:\/\/colimdo.org\/wp-api\/wp\/v2\/posts"}],"about":[{"href":"https:\/\/colimdo.org\/wp-api\/wp\/v2\/types\/post"}],"author":[{"embeddable":true,"href":"https:\/\/colimdo.org\/wp-api\/wp\/v2\/users\/13"}],"replies":[{"embeddable":true,"href":"https:\/\/colimdo.org\/wp-api\/wp\/v2\/comments?post=55910"}],"version-history":[{"count":1,"href":"https:\/\/colimdo.org\/wp-api\/wp\/v2\/posts\/55910\/revisions"}],"predecessor-version":[{"id":55912,"href":"https:\/\/colimdo.org\/wp-api\/wp\/v2\/posts\/55910\/revisions\/55912"}],"wp:featuredmedia":[{"embeddable":true,"href":"https:\/\/colimdo.org\/wp-api\/wp\/v2\/media\/55911"}],"wp:attachment":[{"href":"https:\/\/colimdo.org\/wp-api\/wp\/v2\/media?parent=55910"}],"wp:term":[{"taxonomy":"category","embeddable":true,"href":"https:\/\/colimdo.org\/wp-api\/wp\/v2\/categories?post=55910"},{"taxonomy":"post_tag","embeddable":true,"href":"https:\/\/colimdo.org\/wp-api\/wp\/v2\/tags?post=55910"}],"curies":[{"name":"wp","href":"https:\/\/api.w.org\/{rel}","templated":true}]}}