{"id":55913,"date":"2019-06-18T01:29:59","date_gmt":"2019-06-18T01:29:59","guid":{"rendered":"https:\/\/colimdo.org\/?p=55913"},"modified":"2019-06-18T01:30:17","modified_gmt":"2019-06-18T01:30:17","slug":"veleristas-participaran-la-regata-vela-ligera-pedernales-2019","status":"publish","type":"post","link":"https:\/\/colimdo.org\/noticias\/veleristas-participaran-la-regata-vela-ligera-pedernales-2019\/","title":{"rendered":"Veleristas participar\u00e1n en la Regata Vela Ligera Pedernales 2019"},"content":{"rendered":"<p>SANTO DOMINGO. La Federaci\u00f3n Dominicana de Vela (FDV) celebrar\u00e1 del 21 al 23 de este mes la <em>\u201cRegata Vela Ligera Pedernales<\/em><em>\u00a02019<\/em>\u201d en la playa de Pedernales.<\/p>\n<p>Unos 70 veleristas de diferentes regiones del pa\u00eds buscar\u00e1n los m\u00e1ximos honores en el certamen, organizado por la FDV.<\/p>\n<p>Los atletas de las velas competir\u00e1n en las categor\u00edas Laser Est\u00e1ndar, solo en masculino; Laser Radial y Sunfish, en\u00a0\u00a0masculino y femenino; en\u00a0\u00a0Optimist, en sus diferentes clases: roja 13-15 a\u00f1os, azul 11-12\u00a0a\u00f1os, blanco 8-10\u00a0a\u00f1os, todos en masculino y femenino; y la Clase verde, que es abierta y mixta.<\/p>\n<p>El campeonato es un evento que se ha institucionalizo a trav\u00e9s de la Escuela de Vela Pedernales.<\/p>\n<p>El equipo t\u00e9cnico est\u00e1 dirigido por Eduardo Verdeja, quien ser\u00e1 el oficial principal de regata (PRO).<\/p>\n<p>El inicio de las actividades de cada d\u00eda ser\u00e1 a las 9:00 de la ma\u00f1ana con la reuni\u00f3n de capitanes \u00a0y la clausura se realizar\u00e1 el domingo en horas de la tarde con la ceremonia de premiaci\u00f3n.<\/p>\n","protected":false},"excerpt":{"rendered":"<p>El campeonato tendr\u00e1 lugar del 21 al 23 de este mes en la playa Pedernales con la participaci\u00f3n de unos 70 competidores en diferentes categor\u00edas.<\/p>\n","protected":false},"author":13,"featured_media":55914,"comment_status":"closed","ping_status":"closed","sticky":false,"template":"","format":"standard","meta":[],"categories":[2,60],"tags":[],"acf":[],"_links":{"self":[{"href":"https:\/\/colimdo.org\/wp-api\/wp\/v2\/posts\/55913"}],"collection":[{"href":"https:\/\/colimdo.org\/wp-api\/wp\/v2\/posts"}],"about":[{"href":"https:\/\/colimdo.org\/wp-api\/wp\/v2\/types\/post"}],"author":[{"embeddable":true,"href":"https:\/\/colimdo.org\/wp-api\/wp\/v2\/users\/13"}],"replies":[{"embeddable":true,"href":"https:\/\/colimdo.org\/wp-api\/wp\/v2\/comments?post=55913"}],"version-history":[{"count":1,"href":"https:\/\/colimdo.org\/wp-api\/wp\/v2\/posts\/55913\/revisions"}],"predecessor-version":[{"id":55915,"href":"https:\/\/colimdo.org\/wp-api\/wp\/v2\/posts\/55913\/revisions\/55915"}],"wp:featuredmedia":[{"embeddable":true,"href":"https:\/\/colimdo.org\/wp-api\/wp\/v2\/media\/55914"}],"wp:attachment":[{"href":"https:\/\/colimdo.org\/wp-api\/wp\/v2\/media?parent=55913"}],"wp:term":[{"taxonomy":"category","embeddable":true,"href":"https:\/\/colimdo.org\/wp-api\/wp\/v2\/categories?post=55913"},{"taxonomy":"post_tag","embeddable":true,"href":"https:\/\/colimdo.org\/wp-api\/wp\/v2\/tags?post=55913"}],"curies":[{"name":"wp","href":"https:\/\/api.w.org\/{rel}","templated":true}]}}