{"id":55950,"date":"2019-06-18T14:10:35","date_gmt":"2019-06-18T14:10:35","guid":{"rendered":"https:\/\/colimdo.org\/?p=55950"},"modified":"2019-06-18T14:10:35","modified_gmt":"2019-06-18T14:10:35","slug":"michel-platini-expresidente-del-futbol-europeo-fue-apresado-francia","status":"publish","type":"post","link":"https:\/\/colimdo.org\/noticias\/michel-platini-expresidente-del-futbol-europeo-fue-apresado-francia\/","title":{"rendered":"Michel Platini, expresidente del f\u00fatbol europeo fue apresado en Francia"},"content":{"rendered":"<p>AP. El expresidente de la UEFA, el franc\u00e9s Michel Platini, fue detenido este martes en Par\u00eds en una investigaci\u00f3n por presunta corrupci\u00f3n en la atribuci\u00f3n del Mundial-2022 a Catar, indicaron a la AFP fuentes cercanas a la investigaci\u00f3n.<\/p>\n<p>La Fiscal\u00eda Nacional de Finanzas (PNF) abri\u00f3 en 2016 una investigaci\u00f3n preliminar por sospechas de presunta corrupci\u00f3n en la Federaci\u00f3n Internacional de F\u00fatbol (FIFA) en la atribuci\u00f3n de los Mundiales de f\u00fatbol de 2018 a Rusia y de 2022 a Catar.<\/p>\n<p>La justicia francesa se interesa particularmente por una \u201creuni\u00f3n secreta\u201d que habr\u00eda tenido lugar en el Palacio del El\u00edseo el 23 de noviembre de 2010 y en la que habr\u00edan participado el expresidente franc\u00e9s Nicolas Sarkozy, el pr\u00edncipe de Catar Tamim bin Hamad al-Thani y Michel Platini, que era entonces presidente de la UEFA y vicepresidente de la FIFA.<\/p>\n<div id=\"\" class=\"portlet-boundary portlet-static-end content-viewer-portlet last full-access norestricted\">\n<div class=\"text\">\n<div class=\"paragraph\">\n<p>El exsecretario general del palacio del El\u00edseo bajo la presidencia de Sarkozy, Claude Gu\u00e9ant, est\u00e1 tambi\u00e9n siendo interrogado por investigadores de la oficina anticorrupci\u00f3n de la polic\u00eda judicial en la misma investigaci\u00f3n, seg\u00fan una fuente judicial.<\/p>\n<p>La elecci\u00f3n de Catar, un rico pa\u00eds gas\u00edfero, por los miembros del comit\u00e9 ejecutivo de la FIFA fue uno de los desencadenantes de la grave crisis que sacude a esta instituci\u00f3n desde 2015.<\/p>\n<p>En octubre de 2015, el expresidente de la FIFA, Sepp Blatter, acus\u00f3 a Francia. Seg\u00fan \u00e9l, hubo \u201cun acuerdo diplom\u00e1tico\u201d para que los Mundiales de 2018 y 2022 tengan lugar en Rusia y Estados Unidos, pero este plan fracas\u00f3 a causa de \u201cla interferencia gubernamental de Sarkozy\u201d. Este \u00faltimo niega cualquier intervenci\u00f3n.<\/p>\n<p>Suiza y Estados Unidos han abierto tambi\u00e9n investigaciones en relaci\u00f3n a la atribuci\u00f3n de estos Mundiales<\/p>\n<\/div>\n<\/div>\n<\/div>\n<div id=\"\" class=\"portlet-boundary portlet-static-end content-viewer-portlet last full-access norestricted\"><\/div>\n<div id=\"\" class=\"portlet-boundary portlet-static-end adcontainer-portlet\"><\/div>\n","protected":false},"excerpt":{"rendered":"<p>La Fiscal\u00eda Nacional de Finanzas (PNF) abri\u00f3 en 2016 una investigaci\u00f3n preliminar por sospechas de presunta corrupci\u00f3n en la Federaci\u00f3n Internacional de F\u00fatbol (FIFA) en la atribuci\u00f3n de los Mundiales de f\u00fatbol de 2018 a Rusia y de 2022 a Catar.<\/p>\n","protected":false},"author":16,"featured_media":55951,"comment_status":"closed","ping_status":"closed","sticky":false,"template":"","format":"standard","meta":[],"categories":[2,60],"tags":[],"acf":[],"_links":{"self":[{"href":"https:\/\/colimdo.org\/wp-api\/wp\/v2\/posts\/55950"}],"collection":[{"href":"https:\/\/colimdo.org\/wp-api\/wp\/v2\/posts"}],"about":[{"href":"https:\/\/colimdo.org\/wp-api\/wp\/v2\/types\/post"}],"author":[{"embeddable":true,"href":"https:\/\/colimdo.org\/wp-api\/wp\/v2\/users\/16"}],"replies":[{"embeddable":true,"href":"https:\/\/colimdo.org\/wp-api\/wp\/v2\/comments?post=55950"}],"version-history":[{"count":1,"href":"https:\/\/colimdo.org\/wp-api\/wp\/v2\/posts\/55950\/revisions"}],"predecessor-version":[{"id":55952,"href":"https:\/\/colimdo.org\/wp-api\/wp\/v2\/posts\/55950\/revisions\/55952"}],"wp:featuredmedia":[{"embeddable":true,"href":"https:\/\/colimdo.org\/wp-api\/wp\/v2\/media\/55951"}],"wp:attachment":[{"href":"https:\/\/colimdo.org\/wp-api\/wp\/v2\/media?parent=55950"}],"wp:term":[{"taxonomy":"category","embeddable":true,"href":"https:\/\/colimdo.org\/wp-api\/wp\/v2\/categories?post=55950"},{"taxonomy":"post_tag","embeddable":true,"href":"https:\/\/colimdo.org\/wp-api\/wp\/v2\/tags?post=55950"}],"curies":[{"name":"wp","href":"https:\/\/api.w.org\/{rel}","templated":true}]}}