{"id":55953,"date":"2019-06-18T15:18:38","date_gmt":"2019-06-18T15:18:38","guid":{"rendered":"https:\/\/colimdo.org\/?p=55953"},"modified":"2019-06-18T15:18:38","modified_gmt":"2019-06-18T15:18:38","slug":"ministro-diaz-asegura-piscina-clavados-estara-lista-inicio-julio","status":"publish","type":"post","link":"https:\/\/colimdo.org\/noticias\/ministro-diaz-asegura-piscina-clavados-estara-lista-inicio-julio\/","title":{"rendered":"Ministro D\u00edaz asegura que piscina de clavados estar\u00e1 lista para inicio de julio"},"content":{"rendered":"<p><strong>EL NUEVO DIARIO, SANTO DOMINGO<\/strong>.- El ministro de Deportes, Danilo D\u00edaz Vizca\u00edno, asegur\u00f3 que la piscina de clavados del Centro Acu\u00e1tico del Centro Ol\u00edmpico Juan Pablo Duarte estar\u00e1 lista para la primera semana del mes de julio.<\/p>\n<p>Ayer, un reportaje de El Nuevo Diario indic\u00f3 que varios clavadistas de la selecci\u00f3n est\u00e1n \u201cexiliados\u201d en M\u00e9xico, porque dicha piscina donde se practica la modalidad est\u00e1 cerrada desde hace casi tres a\u00f1os.<\/p>\n<p>\u201cDeber\u00eda terminarse la primera semana de julio la habilitaci\u00f3n del \u00e1rea\u201d, respondi\u00f3 el ministro en una entrevista realizada por el mismo medio sobre la situaci\u00f3n de la piscina.<\/p>\n<p>No obstante, aclar\u00f3 que el hecho de que los clavadistas est\u00e9n en M\u00e9xico es porque est\u00e1n en una base de entrenamiento con miras a los eventos internacionales de ese deporte.<\/p>\n<p>\u201cHay otros atletas que est\u00e1n fuera del pa\u00eds, independientemente de que la instalaci\u00f3n de aqu\u00ed est\u00e9n en condiciones\u201d, observ\u00f3.<\/p>\n","protected":false},"excerpt":{"rendered":"<p>\u201cDeber\u00eda terminarse la primera semana de julio la habilitaci\u00f3n del \u00e1rea\u201d, respondi\u00f3 el ministro en una entrevista realizada por el mismo medio sobre la situaci\u00f3n de la piscina.<\/p>\n","protected":false},"author":16,"featured_media":55954,"comment_status":"closed","ping_status":"closed","sticky":false,"template":"","format":"standard","meta":[],"categories":[2,60],"tags":[],"acf":[],"_links":{"self":[{"href":"https:\/\/colimdo.org\/wp-api\/wp\/v2\/posts\/55953"}],"collection":[{"href":"https:\/\/colimdo.org\/wp-api\/wp\/v2\/posts"}],"about":[{"href":"https:\/\/colimdo.org\/wp-api\/wp\/v2\/types\/post"}],"author":[{"embeddable":true,"href":"https:\/\/colimdo.org\/wp-api\/wp\/v2\/users\/16"}],"replies":[{"embeddable":true,"href":"https:\/\/colimdo.org\/wp-api\/wp\/v2\/comments?post=55953"}],"version-history":[{"count":1,"href":"https:\/\/colimdo.org\/wp-api\/wp\/v2\/posts\/55953\/revisions"}],"predecessor-version":[{"id":55955,"href":"https:\/\/colimdo.org\/wp-api\/wp\/v2\/posts\/55953\/revisions\/55955"}],"wp:featuredmedia":[{"embeddable":true,"href":"https:\/\/colimdo.org\/wp-api\/wp\/v2\/media\/55954"}],"wp:attachment":[{"href":"https:\/\/colimdo.org\/wp-api\/wp\/v2\/media?parent=55953"}],"wp:term":[{"taxonomy":"category","embeddable":true,"href":"https:\/\/colimdo.org\/wp-api\/wp\/v2\/categories?post=55953"},{"taxonomy":"post_tag","embeddable":true,"href":"https:\/\/colimdo.org\/wp-api\/wp\/v2\/tags?post=55953"}],"curies":[{"name":"wp","href":"https:\/\/api.w.org\/{rel}","templated":true}]}}