{"id":55974,"date":"2019-06-18T16:44:48","date_gmt":"2019-06-18T16:44:48","guid":{"rendered":"https:\/\/colimdo.org\/?p=55974"},"modified":"2019-06-19T00:04:05","modified_gmt":"2019-06-19T00:04:05","slug":"cod-anuncia-dia-olimpico-sera-29-este-mes-nagua","status":"publish","type":"post","link":"https:\/\/colimdo.org\/noticias\/cod-anuncia-dia-olimpico-sera-29-este-mes-nagua\/","title":{"rendered":"COD anuncia \u201cD\u00eda Ol\u00edmpico\u201d ser\u00e1 el 29 de este mes en Nagua"},"content":{"rendered":"<div class=\"x_ydpde84a216yahoo-style-wrap\">\n<div><b>SANTO DOMINGO<\/b>. El Comit\u00e9 Ol\u00edmpico Dominicano (COD) anunci\u00f3 este martes la celebraci\u00f3n del tradicional \u201cD\u00eda Ol\u00edmpico\u201d el 29 de este mes en Nagua, provincia Mar\u00eda Trinidad S\u00e1nchez, con el respaldo del programa Solidaridad Ol\u00edmpica.<\/div>\n<\/div>\n<div id=\"x_ydpac561703yahoo_quoted_1472627434\" class=\"x_ydpac561703yahoo_quoted\">\n<div id=\"x_ydpac561703yiv6730269368\">\n<div dir=\"ltr\">\n<div id=\"x_ydpac561703yiv6730269368divRplyFwdMsg\" dir=\"ltr\">\n<p><span lang=\"ES-DO\">El licenciado Gilberto Garc\u00eda, director del programa Solidaridad Ol\u00edmpica, manifest\u00f3 que la actividad se llevar\u00e1 a cabo con el objetivo de reunir al movimiento deportivo en la conmemoraci\u00f3n del 125 aniversario de fundado del Comit\u00e9 Ol\u00edmpico Internacional (COI).<\/span><\/p>\n<p><span lang=\"ES-DO\">\u201cEl objetivo es integrar, reunir a la familia ol\u00edmpica\u201d, dijo Garc\u00eda, quien se\u00f1al\u00f3 que el D\u00eda Ol\u00edmpico\u201d se organiza en coordinaci\u00f3n con la Uni\u00f3n Deportiva de la provincia Mar\u00eda Trinidad S\u00e1nchez.<\/span><\/p>\n<p><span lang=\"ES-DO\">En el encuentro con la prensa, el licenciado Luis Mej\u00eda, presidente del COD, destac\u00f3 que para la celebraci\u00f3n del \u201cD\u00eda Ol\u00edmpico\u201d se reiniciar\u00e1 el ciclo de charlas que lleva a cabo la Academia Ol\u00edmpica, a trav\u00e9s del profesor Luis Elpidio Cumba.<\/span><\/p>\n<p><span lang=\"ES-DO\">\u00a0\u201cEl Comit\u00e9 Ol\u00edmpico se desplaza a trabajar, como lo ha hecho en otras regiones, a Nagua. Vamos a sembrar los valores ol\u00edmpicos\u201d, agreg\u00f3 Mej\u00eda.<\/span><\/p>\n<p><span lang=\"ES-DO\">La celebraci\u00f3n comenzar\u00e1 desde el viernes 28 con una jornada de capacitaci\u00f3n a cargo de la Academia Ol\u00edmpica, as\u00ed como diversas actividades deportivas con los deportes que se practican en la provincia.<\/span><\/p>\n<p><span lang=\"ES-DO\">Por otro lado, el presidente de la Uni\u00f3n Deportiva de Nagua, Fidias David Garc\u00eda, dio a conocer la ruta cr\u00edtica de la actividad. \u201cTodo est\u00e1 listo para esta gran actividad que ha de generar mucha integraci\u00f3n y motivaci\u00f3n\u201d, se\u00f1al\u00f3.<\/span><\/p>\n<p><span lang=\"ES-DO\">Fidias David Garc\u00eda inform\u00f3 que las actividades del s\u00e1bado 29 arrancan a las 8:00 de la ma\u00f1ana con la jornada de reforestaci\u00f3n, mientras que a las 10:30 de la ma\u00f1ana ser\u00e1 la charla de la Comisi\u00f3n Mujer y Deportes, y la Caminata est\u00e1 pautada para las 3:00 de la tarde.<\/span><\/p>\n<p><span lang=\"ES-DO\">Tambi\u00e9n habr\u00e1 un evento de aguatl\u00f3n, organizado por la Federaci\u00f3n Dominicana de Triatl\u00f3n desde la 1:00 a 3:00 de la tarde.<\/span><\/p>\n<p><span lang=\"ES-DO\">En el encuentro estuvieron adem\u00e1s Jorge Peralta, presidente de la Asociaci\u00f3n de balonmano de Nagua; Jorge Luis Peralta Pe\u00f1a, presidente de la asociaci\u00f3n de hockey; William Rodr\u00edguez, presidente de la Asociaci\u00f3n de f\u00fatbol; Jorge Bren, presidente de la asociaci\u00f3n de baloncesto; An\u00edbal Osorio, presidente de las asociaciones de boxeo y pentatl\u00f3n; \u00c1ngel Castro, presidente de la Asociaci\u00f3n de Voleibol;<\/span><\/p>\n<p><span lang=\"ES-DO\">Ricardo Paula Polanco, director provincial de Deportes; F\u00e9lix G. Reinoso, Director de Deportes, y El\u00edas P\u00e9rez, presidente de Medicina Deportiva.<\/span><\/p>\n<\/div>\n<\/div>\n<\/div>\n<\/div>\n","protected":false},"excerpt":{"rendered":"<p>El licenciado Gilberto Garc\u00eda, director del programa Solidaridad Ol\u00edmpica, manifest\u00f3 que la actividad se llevar\u00e1 a cabo con el objetivo de reunir al movimiento deportivo en la conmemoraci\u00f3n del 125 aniversario de fundado del Comit\u00e9 Ol\u00edmpico Internacional (COI).<\/p>\n","protected":false},"author":16,"featured_media":55975,"comment_status":"closed","ping_status":"closed","sticky":false,"template":"","format":"standard","meta":[],"categories":[2,60],"tags":[],"acf":[],"_links":{"self":[{"href":"https:\/\/colimdo.org\/wp-api\/wp\/v2\/posts\/55974"}],"collection":[{"href":"https:\/\/colimdo.org\/wp-api\/wp\/v2\/posts"}],"about":[{"href":"https:\/\/colimdo.org\/wp-api\/wp\/v2\/types\/post"}],"author":[{"embeddable":true,"href":"https:\/\/colimdo.org\/wp-api\/wp\/v2\/users\/16"}],"replies":[{"embeddable":true,"href":"https:\/\/colimdo.org\/wp-api\/wp\/v2\/comments?post=55974"}],"version-history":[{"count":2,"href":"https:\/\/colimdo.org\/wp-api\/wp\/v2\/posts\/55974\/revisions"}],"predecessor-version":[{"id":55985,"href":"https:\/\/colimdo.org\/wp-api\/wp\/v2\/posts\/55974\/revisions\/55985"}],"wp:featuredmedia":[{"embeddable":true,"href":"https:\/\/colimdo.org\/wp-api\/wp\/v2\/media\/55975"}],"wp:attachment":[{"href":"https:\/\/colimdo.org\/wp-api\/wp\/v2\/media?parent=55974"}],"wp:term":[{"taxonomy":"category","embeddable":true,"href":"https:\/\/colimdo.org\/wp-api\/wp\/v2\/categories?post=55974"},{"taxonomy":"post_tag","embeddable":true,"href":"https:\/\/colimdo.org\/wp-api\/wp\/v2\/tags?post=55974"}],"curies":[{"name":"wp","href":"https:\/\/api.w.org\/{rel}","templated":true}]}}