{"id":55977,"date":"2019-06-18T17:39:56","date_gmt":"2019-06-18T17:39:56","guid":{"rendered":"https:\/\/colimdo.org\/?p=55977"},"modified":"2019-06-18T17:40:10","modified_gmt":"2019-06-18T17:40:10","slug":"fedogim-envia-entrenadores-parkour-campamento-mexico","status":"publish","type":"post","link":"https:\/\/colimdo.org\/noticias\/fedogim-envia-entrenadores-parkour-campamento-mexico\/","title":{"rendered":"Fedogim env\u00eda entrenadores de Parkour a campamento en M\u00e9xico"},"content":{"rendered":"<p><strong>SANTO DOMINGO<\/strong><span style=\"font-style: inherit; font-weight: inherit;\">. Con tres participantes, la Federaci\u00f3n Dominicana de Gimnasia (Fedogim) tomar\u00e1 parte en el Campamento de Introducci\u00f3n al Programa de Grupos Parkour o l\u00edder t\u00e9cnico que impulsa la Federaci\u00f3n Internacional de Gimnasia (FIG).<\/span><\/p>\n<p><span style=\"font-style: inherit; font-weight: inherit;\">El campamento est\u00e1 dirigido a la formaci\u00f3n de entrenadores de Parkour o l\u00edder t\u00e9cnico y tendr\u00e1 lugar en el Sport Villages del Centro Deportivo Ol\u00edmpico de Ciudad M\u00e9xico del 18 al 22 de este mes.<\/span><\/p>\n<p><span style=\"font-style: inherit; font-weight: inherit;\">La representaci\u00f3n dominicana est\u00e1 integrada por Bismar Ernesto Montero Jim\u00e9nez, Jimy Herrera Tejeda y Kelvin Miguel P\u00e9rez F\u00e9lix, quienes partieron el lunes hacia la ciudad de M\u00e9xico.<\/span><\/p>\n<p><span style=\"font-style: inherit; font-weight: inherit;\">La introducci\u00f3n del nuevo programa de la FIG (Parkour o l\u00edder t\u00e9cnico) es el \u00fanico para los pa\u00edses de Am\u00e9rica Central en espa\u00f1ol miembros del m\u00e1ximo organismo rector de la gimnasia mundial.<\/span><\/p>\n<p><span style=\"font-style: inherit; font-weight: inherit;\">\u201cLa FIG ha completado un programa de desarrollo t\u00e9cnico completo para Parkour, que incluye una serie completa de ex\u00e1menes f\u00edsicos y t\u00e9cnicos como tambi\u00e9n un reglamento de competici\u00f3n recomendado y ejercicios obligatorios para todos los niveles de competici\u00f3n debajo de junior\u201d, explic\u00f3 Edwin Rodr\u00edguez, presidente de la Fedogim.<\/span><\/p>\n<p><span style=\"font-style: inherit; font-weight: inherit;\">La federaci\u00f3n dominicana fue invitada a participar del campamento con un entrenador de Parkour o l\u00edder t\u00e9cnico, la cual ser\u00e1 financiada por la FIG con el boleto a\u00e9reo y la alimentaci\u00f3n.<\/span><\/p>\n<p><span style=\"font-style: inherit; font-weight: inherit;\">En el campamento participar\u00e1n entrenadores de las federaciones nacionales de gimnasia de Costa Rica, Honduras, Cuba, M\u00e9xico, Rep\u00fablica Dominicana, Nicaragua, El Salvador, Panam\u00e1, Puerto Rico, Guatemala y M\u00e9xico como pa\u00eds anfitri\u00f3n.<\/span><\/p>\n","protected":false},"excerpt":{"rendered":"<p>Bismar Ernesto Montero Jim\u00e9nez, Jimy Herrera Tejeda y Kelvin Miguel P\u00e9rez F\u00e9lix partieron el lunes al campamento que se celebrar\u00e1 del 18 al 22 de este mes.<\/p>\n","protected":false},"author":13,"featured_media":55978,"comment_status":"closed","ping_status":"closed","sticky":false,"template":"","format":"standard","meta":[],"categories":[2,60],"tags":[],"acf":[],"_links":{"self":[{"href":"https:\/\/colimdo.org\/wp-api\/wp\/v2\/posts\/55977"}],"collection":[{"href":"https:\/\/colimdo.org\/wp-api\/wp\/v2\/posts"}],"about":[{"href":"https:\/\/colimdo.org\/wp-api\/wp\/v2\/types\/post"}],"author":[{"embeddable":true,"href":"https:\/\/colimdo.org\/wp-api\/wp\/v2\/users\/13"}],"replies":[{"embeddable":true,"href":"https:\/\/colimdo.org\/wp-api\/wp\/v2\/comments?post=55977"}],"version-history":[{"count":1,"href":"https:\/\/colimdo.org\/wp-api\/wp\/v2\/posts\/55977\/revisions"}],"predecessor-version":[{"id":55979,"href":"https:\/\/colimdo.org\/wp-api\/wp\/v2\/posts\/55977\/revisions\/55979"}],"wp:featuredmedia":[{"embeddable":true,"href":"https:\/\/colimdo.org\/wp-api\/wp\/v2\/media\/55978"}],"wp:attachment":[{"href":"https:\/\/colimdo.org\/wp-api\/wp\/v2\/media?parent=55977"}],"wp:term":[{"taxonomy":"category","embeddable":true,"href":"https:\/\/colimdo.org\/wp-api\/wp\/v2\/categories?post=55977"},{"taxonomy":"post_tag","embeddable":true,"href":"https:\/\/colimdo.org\/wp-api\/wp\/v2\/tags?post=55977"}],"curies":[{"name":"wp","href":"https:\/\/api.w.org\/{rel}","templated":true}]}}