{"id":55981,"date":"2019-06-18T19:14:15","date_gmt":"2019-06-18T19:14:15","guid":{"rendered":"https:\/\/colimdo.org\/?p=55981"},"modified":"2019-06-18T19:14:15","modified_gmt":"2019-06-18T19:14:15","slug":"presidente-danilo-medina-se-reune-mas-una-hora-dirigentes-olimpicos","status":"publish","type":"post","link":"https:\/\/colimdo.org\/noticias\/presidente-danilo-medina-se-reune-mas-una-hora-dirigentes-olimpicos\/","title":{"rendered":"Presidente Danilo Medina se re\u00fane por  m\u00e1s de una hora con dirigentes ol\u00edmpicos"},"content":{"rendered":"<p class=\"x_MsoNormal\">SANTO DOMINGO.- El presidente Danilo Medina reuni\u00f3 este martes por m\u00e1s de una hora con el Comit\u00e9 Ejecutivo del Comit\u00e9 Ol\u00edmpico Dominicano (COD) y pasaron balance a la situaci\u00f3n del deporte nacional.<\/p>\n<p class=\"x_MsoNormal\">En el encuentro celebrado en un sal\u00f3n contiguo al Despacho Presidencial de la tercera planta del Palacio Nacional y en el que tambi\u00e9n particip\u00f3 el Ministro de Deporte, Danilo D\u00edaz V\u00edzca\u00edno, se trat\u00f3 el tema del Ciclo Ol\u00edmpico que incluye la participaci\u00f3n de la Rep\u00fablica Dominicana en los pr\u00f3ximos Juego Panamericanos de Lima que ser\u00e1n celebrados a partir del 26 de julio, as\u00ed como de la asistencia del pa\u00eds a los pr\u00f3ximos Juegos Ol\u00edmicos de Tokio 2020.<\/p>\n<p class=\"x_MsoNormal\">La delegaci\u00f3n ol\u00edmpica fue encabezada por el licenciado Luis Mej\u00eda Oviedo, presidente del COD, quien estuvo acompa\u00f1ado del resto del Comit\u00e9 Ejecutivo.<\/p>\n<p class=\"x_MsoNormal\">Tambi\u00e9n participaron como invitados el teniente general Rub\u00e9n Paulino Sem, Ministro de las Fuerzas Armadas y don Felipe Vicini, presidente del Programa Creando Sue\u00f1os Ol\u00edmpicos (CRESO).<\/p>\n<p class=\"x_MsoNormal\">\u201cFue un encuentro muy agradable y nosotros salimos muy satisfecho\u201d, dijo Mej\u00eda Oviedo, al concluir el encuentro.<\/p>\n<p class=\"x_MsoNormal\">Explic\u00f3 que el motivo de la visita fue presentar al Presidente Medina el nuevo Comit\u00e9 Ejecutivo y sus funciones.<\/p>\n<p class=\"x_MsoNormal\">Mej\u00eda Oviedo sostuvo que la reuni\u00f3n se prolong\u00f3 por una hora y cinco minutos y \u201cfue muy agradable\u201d, aprovechando la ocasi\u00f3n para pasar balance y hablar de la funci\u00f3n de cada uno de los miembros del Comit\u00e9 Ejecutivo.<\/p>\n<p class=\"x_MsoNormal\">\u201cEl Presidente (Medina) estaba muy contento, incluso hizo algunas an\u00e9cdotas\u201d, sigui\u00f3 diciendo Mej\u00eda Oviedo.<\/p>\n<p class=\"x_MsoNormal\">Asimismo, se toc\u00f3 el tema del complejo deportivo de La Barranquita de la ciudad de Santiago.<\/p>\n<p class=\"x_MsoNormal\">La reuni\u00f3n inici\u00f3 a las 12:00 del medio d\u00eda de este martes y concluy\u00f3 cinco minutos despu\u00e9s de la una de la tarde.<\/p>\n<p class=\"x_MsoNormal\">Al t\u00e9rmino del encuentro el presidente invit\u00f3 a los participantes al Sal\u00f3n de Embajadores, donde se tomaron una fotograf\u00eda.<\/p>\n<p class=\"x_MsoNormal\">Adem\u00e1s de Mej\u00eda Oviedo, el teniente Paulino Sem, D\u00edaz Vizca\u00edno y el se\u00f1or Vicini, tambi\u00e9n estuvieron el doctor Jos\u00e9 Joaqu\u00edn Puello, Antonio Acosta, Rafael Uribe, Nelson Ram\u00edrez, Gilberto Garc\u00eda, Rafael Villalona, Gerardo Suero Correa, Edwin Rodr\u00edguez, Jos\u00e9 Luis Ram\u00edrez, F\u00e9lix S\u00e1nchez, Dulce Mar\u00eda Pi\u00f1a y Luis Elidio Cumba.<\/p>\n","protected":false},"excerpt":{"rendered":"<p>En el encuentro celebrado en un sal\u00f3n contiguo al Despacho Presidencial de la tercera planta del Palacio Nacional y en el que tambi\u00e9n particip\u00f3 el Ministro de Deporte, Danilo D\u00edaz V\u00edzca\u00edno, se trat\u00f3 el tema del Ciclo Ol\u00edmpico que incluye la participaci\u00f3n de la Rep\u00fablica Dominicana en los pr\u00f3ximos Juego Panamericanos de Lima que ser\u00e1n celebrados a partir del 26 de julio, as\u00ed como de la asistencia del pa\u00eds a los pr\u00f3ximos Juegos Ol\u00edmicos de Tokio 2020.<\/p>\n","protected":false},"author":16,"featured_media":55982,"comment_status":"closed","ping_status":"closed","sticky":false,"template":"","format":"standard","meta":[],"categories":[2,60],"tags":[],"acf":[],"_links":{"self":[{"href":"https:\/\/colimdo.org\/wp-api\/wp\/v2\/posts\/55981"}],"collection":[{"href":"https:\/\/colimdo.org\/wp-api\/wp\/v2\/posts"}],"about":[{"href":"https:\/\/colimdo.org\/wp-api\/wp\/v2\/types\/post"}],"author":[{"embeddable":true,"href":"https:\/\/colimdo.org\/wp-api\/wp\/v2\/users\/16"}],"replies":[{"embeddable":true,"href":"https:\/\/colimdo.org\/wp-api\/wp\/v2\/comments?post=55981"}],"version-history":[{"count":1,"href":"https:\/\/colimdo.org\/wp-api\/wp\/v2\/posts\/55981\/revisions"}],"predecessor-version":[{"id":55983,"href":"https:\/\/colimdo.org\/wp-api\/wp\/v2\/posts\/55981\/revisions\/55983"}],"wp:featuredmedia":[{"embeddable":true,"href":"https:\/\/colimdo.org\/wp-api\/wp\/v2\/media\/55982"}],"wp:attachment":[{"href":"https:\/\/colimdo.org\/wp-api\/wp\/v2\/media?parent=55981"}],"wp:term":[{"taxonomy":"category","embeddable":true,"href":"https:\/\/colimdo.org\/wp-api\/wp\/v2\/categories?post=55981"},{"taxonomy":"post_tag","embeddable":true,"href":"https:\/\/colimdo.org\/wp-api\/wp\/v2\/tags?post=55981"}],"curies":[{"name":"wp","href":"https:\/\/api.w.org\/{rel}","templated":true}]}}