{"id":55986,"date":"2019-06-19T00:18:55","date_gmt":"2019-06-19T00:18:55","guid":{"rendered":"https:\/\/colimdo.org\/?p=55986"},"modified":"2019-06-19T00:19:11","modified_gmt":"2019-06-19T00:19:11","slug":"convocan-seleccion-absoluta-futbol-observacion","status":"publish","type":"post","link":"https:\/\/colimdo.org\/noticias\/convocan-seleccion-absoluta-futbol-observacion\/","title":{"rendered":"Convocan Selecci\u00f3n Absoluta de F\u00fatbol para observaci\u00f3n"},"content":{"rendered":"<p>SANTO DOMINGO.- La Selecci\u00f3n Nacional Absoluta de F\u00fatbol ha sido convocada esta semana para un microciclo de observaci\u00f3n con jugadores que militan en la Liga Dominicana de F\u00fatbol.<\/p>\n<p>La informaci\u00f3n la dio a conocer Jorge Allen Bauger, director de selecciones nacionales de la Federaci\u00f3n Dominicana de F\u00fatbol<\/p>\n<p>Los trabajos buscan el reconocimiento de talentos de cara a los pr\u00f3ximos compromisos del equipo dominicano.<\/p>\n<p>David Gonz\u00e1lez, director t\u00e9cnico de la selecci\u00f3n, estar\u00e1 a cargo de los entrenamientos.<\/p>\n<p>Los jugadores seleccionados son: Odal\u00eds B\u00e1ez (Atl\u00e9tico Pantoja), Miguel Lloyd (Cibao FC), Ottoniel Figueroa (Atl\u00e9tico Vega Real), Pablo Severino (Moca FC), Ismael D\u00edaz (Cibao), Yefri Reyes (O&amp;M), Jackson Tineo (Atl\u00e9tico San Crist\u00f3bal), C\u00e9sar Dur\u00e1n (Vega Real), Carlos Rossel (Pantoja) y Wilman Modesta (O&amp;M).<\/p>\n<p>Tambi\u00e9n Matteo Zazo (Atl\u00e1ntico FC), Jean Carlos L\u00f3pez (Cibao), Rafael Flores (Cibao), Diego Ceara (Moca), Rhonard Garc\u00eda (Moca), Wander Medina (Club Atl\u00e9tico Barcelona), Ernesto Trinidad (Pantoja), Darly Batista (Pantoja), Luis Espinal (Pantoja), Aneuri Mateo (Vega Real), y Erick Ozuna (O&amp;M).<\/p>\n<p>Gonz\u00e1lez debut\u00f3 la pasada semana como director t\u00e9cnico, al comandar a la selecci\u00f3n Sub-23 a dos triunfos en juegos amistosos contra la Selecci\u00f3n Absoluta de Cuba.<\/p>\n","protected":false},"excerpt":{"rendered":"<p>Los trabajos buscan el reconocimiento de talentos de cara a los pr\u00f3ximos compromisos del equipo dominicano.<\/p>\n","protected":false},"author":13,"featured_media":55987,"comment_status":"closed","ping_status":"closed","sticky":false,"template":"","format":"standard","meta":[],"categories":[2,60],"tags":[],"acf":[],"_links":{"self":[{"href":"https:\/\/colimdo.org\/wp-api\/wp\/v2\/posts\/55986"}],"collection":[{"href":"https:\/\/colimdo.org\/wp-api\/wp\/v2\/posts"}],"about":[{"href":"https:\/\/colimdo.org\/wp-api\/wp\/v2\/types\/post"}],"author":[{"embeddable":true,"href":"https:\/\/colimdo.org\/wp-api\/wp\/v2\/users\/13"}],"replies":[{"embeddable":true,"href":"https:\/\/colimdo.org\/wp-api\/wp\/v2\/comments?post=55986"}],"version-history":[{"count":1,"href":"https:\/\/colimdo.org\/wp-api\/wp\/v2\/posts\/55986\/revisions"}],"predecessor-version":[{"id":55988,"href":"https:\/\/colimdo.org\/wp-api\/wp\/v2\/posts\/55986\/revisions\/55988"}],"wp:featuredmedia":[{"embeddable":true,"href":"https:\/\/colimdo.org\/wp-api\/wp\/v2\/media\/55987"}],"wp:attachment":[{"href":"https:\/\/colimdo.org\/wp-api\/wp\/v2\/media?parent=55986"}],"wp:term":[{"taxonomy":"category","embeddable":true,"href":"https:\/\/colimdo.org\/wp-api\/wp\/v2\/categories?post=55986"},{"taxonomy":"post_tag","embeddable":true,"href":"https:\/\/colimdo.org\/wp-api\/wp\/v2\/tags?post=55986"}],"curies":[{"name":"wp","href":"https:\/\/api.w.org\/{rel}","templated":true}]}}