{"id":55994,"date":"2019-06-19T02:38:02","date_gmt":"2019-06-19T02:38:02","guid":{"rendered":"https:\/\/colimdo.org\/?p=55994"},"modified":"2019-06-19T02:38:02","modified_gmt":"2019-06-19T02:38:02","slug":"club-naco-abre-campamento-verano-2019","status":"publish","type":"post","link":"https:\/\/colimdo.org\/noticias\/club-naco-abre-campamento-verano-2019\/","title":{"rendered":"Club Naco abre su Campamento de Verano 2019"},"content":{"rendered":"<p>SANTO DOMINGO.- El Club Deportivo Naco dej\u00f3 inaugurado ayer su tradicional Campamento de Verano con la participaci\u00f3n de cientos de ni\u00f1os de diferentes edades que disfrutaran a plenitud todas las facilidades deportivas que ofrece la entidad.<\/p>\n<p>El campamento fue inaugurado con la presencia de Luis Miguel Pou, presidente de la Junta Directiva del Club, quien estuvo acompa\u00f1ado de los dem\u00e1s miembros, as\u00ed como de Francisco Boyero, Director de Deportes.<\/p>\n<p>Pou afirm\u00f3 que est\u00e1 vez el Campamento de Verano ha superado todas las expectativas en cuanto a la inscripci\u00f3n de los ni\u00f1os por parte de sus padres.<\/p>\n<p>\u201cAqu\u00ed ustedes encontraran el lugar ideal para pasar sus fiestas de vacaciones haciendo deporte en forma sana, competitiva y recreativa\u201d, adujo presidente Naque\u00f1o.<\/p>\n<p>De su lado, Francisco Boyero, director de Deportes, afirm\u00f3 que estos Campamentos de Verano llevar\u00e1n mayor dinamismo en el campo deportivo y recreativo al club.<\/p>\n<p>\u201cTodas nuestras instalaciones deportivas estar\u00e1n a\u00fan m\u00e1s abarrotadas en esta \u00e9poca del a\u00f1o y eso nos hace sentir muy feliz\u201d, dijo.<\/p>\n<p>Apunto que los ni\u00f1os podr\u00e1n hacer deportes tales como baloncesto, voleibol, judo, karate, tenis de mesa, nataci\u00f3n, tenis, entre otros.<\/p>\n","protected":false},"excerpt":{"rendered":"<p>Pou afirm\u00f3 que est\u00e1 vez el Campamento de Verano ha superado todas las expectativas en cuanto a la inscripci\u00f3n de los ni\u00f1os por parte de sus padres.<\/p>\n","protected":false},"author":19,"featured_media":55995,"comment_status":"closed","ping_status":"closed","sticky":false,"template":"","format":"standard","meta":[],"categories":[2,60],"tags":[],"acf":[],"_links":{"self":[{"href":"https:\/\/colimdo.org\/wp-api\/wp\/v2\/posts\/55994"}],"collection":[{"href":"https:\/\/colimdo.org\/wp-api\/wp\/v2\/posts"}],"about":[{"href":"https:\/\/colimdo.org\/wp-api\/wp\/v2\/types\/post"}],"author":[{"embeddable":true,"href":"https:\/\/colimdo.org\/wp-api\/wp\/v2\/users\/19"}],"replies":[{"embeddable":true,"href":"https:\/\/colimdo.org\/wp-api\/wp\/v2\/comments?post=55994"}],"version-history":[{"count":1,"href":"https:\/\/colimdo.org\/wp-api\/wp\/v2\/posts\/55994\/revisions"}],"predecessor-version":[{"id":55996,"href":"https:\/\/colimdo.org\/wp-api\/wp\/v2\/posts\/55994\/revisions\/55996"}],"wp:featuredmedia":[{"embeddable":true,"href":"https:\/\/colimdo.org\/wp-api\/wp\/v2\/media\/55995"}],"wp:attachment":[{"href":"https:\/\/colimdo.org\/wp-api\/wp\/v2\/media?parent=55994"}],"wp:term":[{"taxonomy":"category","embeddable":true,"href":"https:\/\/colimdo.org\/wp-api\/wp\/v2\/categories?post=55994"},{"taxonomy":"post_tag","embeddable":true,"href":"https:\/\/colimdo.org\/wp-api\/wp\/v2\/tags?post=55994"}],"curies":[{"name":"wp","href":"https:\/\/api.w.org\/{rel}","templated":true}]}}