{"id":56021,"date":"2019-06-19T14:17:54","date_gmt":"2019-06-19T14:17:54","guid":{"rendered":"https:\/\/colimdo.org\/?p=56021"},"modified":"2019-06-19T14:17:54","modified_gmt":"2019-06-19T14:17:54","slug":"iaaf-caster-semenya-biologicamente-hombre","status":"publish","type":"post","link":"https:\/\/colimdo.org\/noticias\/iaaf-caster-semenya-biologicamente-hombre\/","title":{"rendered":"IAAF: Caster Semenya es \u201cbiol\u00f3gicamente hombre\u201d"},"content":{"rendered":"<div id=\"ArticleAuthorDiv\" class=\"article-body-author\"><b>Nueva York, AP.-<\/b>El organismo rector del atletismo aleg\u00f3 que Caster Semenya es \u201cbiol\u00f3gicamente un hombre\u201d y que esta es la raz\u00f3n por la que debe reducir el nivel de testosterona que produce para poder competir en cert\u00e1menes femeninos, de acuerdo con unos documentos publicados por primera vez por el m\u00e1ximo tribunal del deporte el martes.<\/div>\n<div id=\"ArticleBody\">\n<p>La postura de la Asociaci\u00f3n Internacional de Federaciones de Atletismo (IAAF) en cuanto a Semenya y otras atletas que se han visto afectadas por estas nuevas regulaciones respecto a los niveles de testosterona fue revelada en el fallo de 163 p\u00e1ginas del Tribunal de Arbitraje Deportivo (TAS), con sede en Suiza, donde la atleta sudafricana se enfrent\u00f3 a la IAAF por sus normas de hormonas sumamente pol\u00e9micas en una audiencia privada que dur\u00f3 cinco d\u00edas en febrero.<\/p>\n<p>El TAS public\u00f3 algunos fragmentos de su decisi\u00f3n final cuando fue anunciada el mes pasado.<\/p>\n<p>Los documentos publicados el martes, que a pesar de que eran m\u00e1s completos ten\u00edan algunas partes censuradas, mostraron que la IAAF se refiri\u00f3 a la dos veces campeona ol\u00edmpica en la prueba de 800 metros como una de varias \u201catletas biol\u00f3gicamente masculinas con identidades de g\u00e9nero femenino\u201d. En declaracones ante la corte, Semenya respondi\u00f3 a la afirmaci\u00f3n diciendo que ser descrita como biol\u00f3gicamente un hombre \u201cduele m\u00e1s de lo que puedo poner en palabras\u201d.<\/p>\n<p>La atleta dijo a la corte que no pod\u00eda expresar la profundidad del da\u00f1o e insulto que sinti\u00f3 cuando la IAAF le dijo que \u201cno soy una mujer\u201d.<\/p>\n<p>La IAAF gan\u00f3 el caso presentado ante el TAS por una mayor\u00eda de 2-1 del panel de jueces, lo que le permiti\u00f3 implementar los l\u00edmites de niveles de testosterona para Semenya y otras atletas que el organismo alega nacieron con patrones t\u00edpicos de cromosomas masculinos.<\/p>\n<p>Por lo menos otras dos atletas, Francine Niyonsaba de Burundi y Margaret Wambui de Kenia, han dicho que tambi\u00e9n se vieron afectadas por las nuevas normas. Ellas tambi\u00e9n han arremetido contra las regulaciones y criticado a la IAAF.<\/p>\n<p>Semenya, que ha sido identificada legalmente como mujer durante toda su vida, apel\u00f3 el veredicto del TAS en el m\u00e1ximo tribunal de Suiza bajo motivos de derechos humanos.<\/p>\n<p><strong>Afectadas.<\/strong>\u00a0Por lo menos, otras dos atletas, Francine Niyonsaba de Burundi y Margaret Wambui de Kenia, han dicho que tambi\u00e9n se vieron afectadas por las nuevas normas. Ellas tambi\u00e9n han arremetido contra las regulaciones y criticado a la IAAF<\/p>\n<\/div>\n","protected":false},"excerpt":{"rendered":"<p>La postura de la Asociaci\u00f3n Internacional de Federaciones de Atletismo (IAAF) en cuanto a Semenya y otras atletas que se han visto afectadas por estas nuevas regulaciones respecto a los niveles de testosterona fue revelada en el fallo de 163 p\u00e1ginas del Tribunal de Arbitraje Deportivo (TAS)<\/p>\n","protected":false},"author":16,"featured_media":56022,"comment_status":"closed","ping_status":"closed","sticky":false,"template":"","format":"standard","meta":[],"categories":[2,60],"tags":[],"acf":[],"_links":{"self":[{"href":"https:\/\/colimdo.org\/wp-api\/wp\/v2\/posts\/56021"}],"collection":[{"href":"https:\/\/colimdo.org\/wp-api\/wp\/v2\/posts"}],"about":[{"href":"https:\/\/colimdo.org\/wp-api\/wp\/v2\/types\/post"}],"author":[{"embeddable":true,"href":"https:\/\/colimdo.org\/wp-api\/wp\/v2\/users\/16"}],"replies":[{"embeddable":true,"href":"https:\/\/colimdo.org\/wp-api\/wp\/v2\/comments?post=56021"}],"version-history":[{"count":2,"href":"https:\/\/colimdo.org\/wp-api\/wp\/v2\/posts\/56021\/revisions"}],"predecessor-version":[{"id":56024,"href":"https:\/\/colimdo.org\/wp-api\/wp\/v2\/posts\/56021\/revisions\/56024"}],"wp:featuredmedia":[{"embeddable":true,"href":"https:\/\/colimdo.org\/wp-api\/wp\/v2\/media\/56022"}],"wp:attachment":[{"href":"https:\/\/colimdo.org\/wp-api\/wp\/v2\/media?parent=56021"}],"wp:term":[{"taxonomy":"category","embeddable":true,"href":"https:\/\/colimdo.org\/wp-api\/wp\/v2\/categories?post=56021"},{"taxonomy":"post_tag","embeddable":true,"href":"https:\/\/colimdo.org\/wp-api\/wp\/v2\/tags?post=56021"}],"curies":[{"name":"wp","href":"https:\/\/api.w.org\/{rel}","templated":true}]}}