{"id":56029,"date":"2019-06-19T14:43:06","date_gmt":"2019-06-19T14:43:06","guid":{"rendered":"https:\/\/colimdo.org\/?p=56029"},"modified":"2019-06-19T14:43:06","modified_gmt":"2019-06-19T14:43:06","slug":"neymar-quiero-volver-casa-donde-nunca-debi-salir","status":"publish","type":"post","link":"https:\/\/colimdo.org\/noticias\/neymar-quiero-volver-casa-donde-nunca-debi-salir\/","title":{"rendered":"Neymar: &#8220;Quiero volver a mi casa de donde nunca deb\u00ed salir&#8221;"},"content":{"rendered":"<p>YAHOO. Neymar quiera marcharse de PSG y volver a jugar en el Barcelona. Eso es al menos lo que se deduce de a informaci\u00f3n del Mundo Deportivo en la que relatan una conversaci\u00f3n del &#8216;crack&#8217; brasile\u00f1o con el presidente del club parisino, Nasser Al-Khelaifi. &#8220;No quiero jugar m\u00e1s en el PSG. Quiero volver a mi casa, de donde nunca deb\u00ed salir&#8221;, es la contundente frase que hab\u00eda soltado Neymar con el fin de salir del club.<\/p>\n<p>Es un paso m\u00e1s en la historia de una ruptura m\u00e1s o menos p\u00fablica. El pen\u00faltimo episodio fue el catar\u00ed dando una entrevista a &#8216;France Football&#8217; en el que dec\u00eda frases como &#8220;nadie oblig\u00f3 a Neymar a estar aqu\u00ed&#8221; o &#8220;quiero que los jugadores est\u00e9n preparados para defender el honor de esta camiseta, y para involucrarse en el proyecto del club&#8221;. Dos aguijonazos al mismo jugador, muy lejos del romance que alg\u00fan d\u00eda tuvieron.<\/p>\n<p>Al-Khelaifi fue muy taxativo en sus opciones, del mismo modo que reprendi\u00f3 a Neymar -de un modo velado, eso s\u00ed- asegur\u00f3 que Mbappe es estrat\u00e9gico para el club parisino y que no hay ninguna opci\u00f3n de que salga del PSG. Un par de d\u00edas despu\u00e9s, L&#8217;Equipe aseguraba que el jugador se marchar\u00eda en caso de haber una &#8220;oferta XXL&#8221;. Otros medios se\u00f1alaron que a Thomas Tuchel, el t\u00e9cnico, no le importar\u00eda la salida de un jugador que, aun siendo buen\u00edsimo, tiene una carga extradeportiva que puede lastrar el buen camino de un club.<\/p>\n<p>Los postores, al menos de momento, est\u00e1n en Espa\u00f1a. Se vincul\u00f3 al jugador al Real Madird, pero suena todav\u00eda m\u00e1s fuerte el Barcelona. Tambi\u00e9n porque la frase &#8220;volver a casa&#8221; apunta a la Ciudad Condal. Neymar fue feliz all\u00ed y dej\u00f3 muy buen recuerdo a sus compa\u00f1eros, tanto que, seg\u00fan varios medios, son ellos una parte fundamental para entender un posible fichaje. El \u00faltimo en hablar con cari\u00f1o de una posible vuelta fue Luis Su\u00e1rez. Nunca ser\u00e1 una operaci\u00f3n sencilla, pero el camino est\u00e1 marcado.<\/p>\n","protected":false},"excerpt":{"rendered":"<p>Neymar quiera marcharse de PSG y volver a jugar en el Barcelona. <\/p>\n","protected":false},"author":16,"featured_media":56030,"comment_status":"closed","ping_status":"closed","sticky":false,"template":"","format":"standard","meta":[],"categories":[2,60],"tags":[],"acf":[],"_links":{"self":[{"href":"https:\/\/colimdo.org\/wp-api\/wp\/v2\/posts\/56029"}],"collection":[{"href":"https:\/\/colimdo.org\/wp-api\/wp\/v2\/posts"}],"about":[{"href":"https:\/\/colimdo.org\/wp-api\/wp\/v2\/types\/post"}],"author":[{"embeddable":true,"href":"https:\/\/colimdo.org\/wp-api\/wp\/v2\/users\/16"}],"replies":[{"embeddable":true,"href":"https:\/\/colimdo.org\/wp-api\/wp\/v2\/comments?post=56029"}],"version-history":[{"count":1,"href":"https:\/\/colimdo.org\/wp-api\/wp\/v2\/posts\/56029\/revisions"}],"predecessor-version":[{"id":56031,"href":"https:\/\/colimdo.org\/wp-api\/wp\/v2\/posts\/56029\/revisions\/56031"}],"wp:featuredmedia":[{"embeddable":true,"href":"https:\/\/colimdo.org\/wp-api\/wp\/v2\/media\/56030"}],"wp:attachment":[{"href":"https:\/\/colimdo.org\/wp-api\/wp\/v2\/media?parent=56029"}],"wp:term":[{"taxonomy":"category","embeddable":true,"href":"https:\/\/colimdo.org\/wp-api\/wp\/v2\/categories?post=56029"},{"taxonomy":"post_tag","embeddable":true,"href":"https:\/\/colimdo.org\/wp-api\/wp\/v2\/tags?post=56029"}],"curies":[{"name":"wp","href":"https:\/\/api.w.org\/{rel}","templated":true}]}}