{"id":56036,"date":"2019-06-19T15:05:29","date_gmt":"2019-06-19T15:05:29","guid":{"rendered":"https:\/\/colimdo.org\/?p=56036"},"modified":"2019-06-19T15:05:29","modified_gmt":"2019-06-19T15:05:29","slug":"luis-enrique-no-continuara-dirigiendo-la-seleccion-espanola-futbol","status":"publish","type":"post","link":"https:\/\/colimdo.org\/noticias\/luis-enrique-no-continuara-dirigiendo-la-seleccion-espanola-futbol\/","title":{"rendered":"Luis Enrique no continuar\u00e1 dirigiendo a la selecci\u00f3n espa\u00f1ola de f\u00fatbol"},"content":{"rendered":"<p>MADRID, ESPN &#8212; Luis Enirque no podr\u00e1 continuar al frente de la selecci\u00f3n nacional espa\u00f1ola debido a los problemas personales que le obligaron a volver a Barcelona de emergencia horas antes de que su equipo se enfrentara a Malta (0-2) en un encuentro de clasificaci\u00f3n a la Eurocopa 2020 y ha presentado formalmente su renuncia, anunci\u00f3 el presidente de la Federaci\u00f3n Espa\u00f1ola de Futbol Luis Rubiales, tras convocar a una rueda de prensa de emergencia en Las Rozas en la que estuvo acompa\u00f1ado por el director deportivo de la RFEF, Jos\u00e9 Francisco Molina, y Robert Moreno, hasta hoy segundo entrenador y quien se har\u00e1 cargo del equipo de manera definitiva.<\/p>\n<p>\u201cLuis Enrique comunica que no podr\u00e1 seguir como seleccionador. Hasta ahora han respetado esta situaci\u00f3n y esperamos que lo sigan haciendo.\u00a0Tengo que dar las gracias a Luis Enrique. No tenemos el m\u00ednimo reproche; hemos estado unidos con \u00e9l y le he transmitido que siempre tendr\u00e1 las puertas abiertas\u201d, dijo Luis Rubiales.<\/p>\n<p>La Federaci\u00f3n Espa\u00f1ola de Futbol hab\u00eda dado su apoyo al entrenador asturiano, que no ha podido volver a Madrid para continuar con el trabajo de la selecci\u00f3n, por lo que su segundo, Moreno, se ha sentado en el banquillo en los \u00faltimos tres partidos, todos victorias sobre Malta, Islas Feroe y Suecia.<\/p>\n<p>El propio t\u00e9cnico public\u00f3 un comunicado en la p\u00e1gina de la selecci\u00f3n espa\u00f1ola donde agradeci\u00f3 el apoyo recibido.<\/p>\n<p>&#8220;Debido a que los motivos que me impidieron desarrollar con normalidad mis funciones como seleccionador desde el pasado mes de marzo contin\u00faan a d\u00eda de hoy he decidido dejar dicho cargo.<\/p>\n<p>Todo mi agradecimiento a los responsables de la RFEF por la confianza y la comprensi\u00f3n mostrada.<\/p>\n<p>Agradecer especialmente a todos las personas que forman parte del staff y los jugadores por su profesionalidad. Sin olvidarme de los medios de comunicaci\u00f3n por vuestra discreci\u00f3n y respeto por la situaci\u00f3n.<\/p>\n<p>Gracias de coraz\u00f3n&#8221;.<\/p>\n<p>La Federaci\u00f3n ha optado por un proyecto \u201ccontinuista\u201d con Robert Moreno al frente.<\/p>\n<p>\u201cHace un a\u00f1o iniciamos un proyecto y quer\u00edamos que siguiese ese proyecto y la mejor persona para liderar ese proyecto era Robert. Si firm\u00e1bamos a alguien m\u00e1s, el proyecto cambiaba. Cuenta con todo el apoyo de la gente de la Federaci\u00f3n, incluidos los jugadores\u201d, dijo Molina.<\/p>\n<p>Por su parte Rubiales apunt\u00f3 que la elecci\u00f3n de Moreno vino marcada por los \u201cvalores\u201d y la \u201cprofesionalidad\u201d con la que su equipo ha hecho frente a un momento dif\u00edcil.<\/p>\n<p>\u201cNos ha mostrado trabajo, cualificaci\u00f3n y valent\u00eda. Creemos en este equipo, queremos seguir contando de este equipo porque son los valores que tenemos. En un momento de tremenda dificultad constatamos que tenemos el compromiso de estos profesionales y pensamos que son los adecuados para sacar esto adelante. Es por ello que la decisi\u00f3n de la selecci\u00f3n es confiar en Robert como selecci\u00f3n. Seguir\u00e1 con los mismos tiempos y condiciones del contrato firmado, por lo tanto, ser\u00e1n los encargados de llevarnos a la Eurocopa.<\/p>\n<p>&#8220;Solo quiero reiterar las gracias a Luis y tambi\u00e9n a Robert, porque aunque han sido momentos rudos afrontar\u00e1 el reto con preparaci\u00f3n. Tanto Molina como yo estamos convencidos que est\u00e1 preparado para ocupar el banquillo\u201d, se\u00f1al\u00f3 Rubiales quien especific\u00f3 que Robert Moreno mantendr\u00e1 al equipo con el que Luis Enrique lleg\u00f3 al cargo en julio pasado, \u201ccon la misma duraci\u00f3n y condiciones\u201d iniciales, hasta 2020, cuando se disputar\u00e1 la Eurocopa.<\/p>\n<p>Por su parte, Robert Moreno dijo vivir un momento \u201cagridulce\u201d pues no esperaba llegar al banquillo \u201cde esta manera\u201d, antes de recalcar que si ha aceptado el gran reto al frente del equipo nacional, ha sido porque Luis Enrique ha estado de acuerdo en que lo sucediera en el cargo.<\/p>\n<p>\u201cLlega en circunstancias muy especiales pero me ha valido que Luis est\u00e1 de acuerdo y tenemos su apoyo. Eso me ha animado a aceptar\u201d, dijo Moreno.<\/p>\n<p>Luis Enrique asumi\u00f3 el cargo en julio de 2018 tras la eliminaci\u00f3n de Espa\u00f1a en los octavos de final de la Copa del Mundo. Deja el equipo nacional despu\u00e9s de diez partidos, de los cuales solo pudo dirigir siete, (cinco victorias y dos derrotas).<\/p>\n<p>&nbsp;<\/p>\n<p>&nbsp;<\/p>\n","protected":false},"excerpt":{"rendered":"<p>El t\u00e9cnico espa\u00f1ol agradeci\u00f3 el apoyo que le fue brindado por la Federaci\u00f3n Espa\u00f1ola de F\u00fatbol.<\/p>\n","protected":false},"author":16,"featured_media":56037,"comment_status":"closed","ping_status":"closed","sticky":false,"template":"","format":"standard","meta":[],"categories":[2,60],"tags":[],"acf":[],"_links":{"self":[{"href":"https:\/\/colimdo.org\/wp-api\/wp\/v2\/posts\/56036"}],"collection":[{"href":"https:\/\/colimdo.org\/wp-api\/wp\/v2\/posts"}],"about":[{"href":"https:\/\/colimdo.org\/wp-api\/wp\/v2\/types\/post"}],"author":[{"embeddable":true,"href":"https:\/\/colimdo.org\/wp-api\/wp\/v2\/users\/16"}],"replies":[{"embeddable":true,"href":"https:\/\/colimdo.org\/wp-api\/wp\/v2\/comments?post=56036"}],"version-history":[{"count":1,"href":"https:\/\/colimdo.org\/wp-api\/wp\/v2\/posts\/56036\/revisions"}],"predecessor-version":[{"id":56038,"href":"https:\/\/colimdo.org\/wp-api\/wp\/v2\/posts\/56036\/revisions\/56038"}],"wp:featuredmedia":[{"embeddable":true,"href":"https:\/\/colimdo.org\/wp-api\/wp\/v2\/media\/56037"}],"wp:attachment":[{"href":"https:\/\/colimdo.org\/wp-api\/wp\/v2\/media?parent=56036"}],"wp:term":[{"taxonomy":"category","embeddable":true,"href":"https:\/\/colimdo.org\/wp-api\/wp\/v2\/categories?post=56036"},{"taxonomy":"post_tag","embeddable":true,"href":"https:\/\/colimdo.org\/wp-api\/wp\/v2\/tags?post=56036"}],"curies":[{"name":"wp","href":"https:\/\/api.w.org\/{rel}","templated":true}]}}