{"id":56039,"date":"2019-06-19T15:21:07","date_gmt":"2019-06-19T15:21:07","guid":{"rendered":"https:\/\/colimdo.org\/?p=56039"},"modified":"2019-06-19T15:22:52","modified_gmt":"2019-06-19T15:22:52","slug":"angel-delgado-la-nba-cubre-seguro-jugadores-estan-selecciones-nacionales","status":"publish","type":"post","link":"https:\/\/colimdo.org\/noticias\/angel-delgado-la-nba-cubre-seguro-jugadores-estan-selecciones-nacionales\/","title":{"rendered":"\u00c1ngel Delgado: &#8220;NBA cubre seguro a jugadores que est\u00e1n con sus selecciones&#8221;"},"content":{"rendered":"<p>Santo Domingo, SALTO AL CENTRO. \u2013 Luego de dar el \u201cs\u00ed\u201d a la selecci\u00f3n dominicana de baloncesto para el Mundial de China 2019, \u00c1ngel Delgado ofrece unas declaraciones importanes acerca de su carrera deportiva hasta llegar a la NBA con el contrato dual con Los \u00c1ngeles Clippers.<\/p>\n<p>Delgado estuvo conversando en \u201cDe Cara a Cara con el Dotol Nastra\u201d a trav\u00e9s de la cuenta de Youtube del comunicador Vincent Carmona, ofreciendo algunos detalles de su vida personal y deportiva, en una entrevista que se prolong\u00f3 por 38:43 minutos.<\/p>\n<p>Dentro de todos los temas que comparti\u00f3 Delgado, fue su inconformidad por la manera en que la prensa y el p\u00fablico manej\u00f3 el tema de su no participaci\u00f3n con la selecci\u00f3n quisqueyana en el Mundial, el cual d\u00edas despu\u00e9s, fue resuelta.<\/p>\n<p>\u201cYo siempre lo he dado todo por este pa\u00eds\u201c, indic\u00f3 el jugador que pertenece a Los \u00c1ngeles Clippers. \u201cYo he jugado cuando no he tenido que jugar. Cuando llegu\u00e9 a la NBA, me fui de una reuni\u00f3n que ten\u00eda el equipo para venir a jugar aqu\u00ed\u201c. sigui\u00f3 Delgado.<\/p>\n<p>A\u00f1adi\u00f3 el nativo de Haina, fue: \u201cAunque yo no fuera (al Mundial), siento que me tienen que apoyar\u201c. continu\u00f3 \u00c1ngel Delgado.<\/p>\n<p>El dominicano fue parte del equipo nacional en la cuarta ventana clasificatoria rumbo al Mundial de China, en el mes de septiembre de 2018, cuando el combinado criollo se enfrent\u00f3 a Chile y Venezuela, en Santo Domingo, Rep\u00fablica Dominicana y Valencia, Venezuela, respectivamente.<\/p>\n<p>Otra tema importante que resalt\u00f3 el alero-pivot, es sobre el seguro de los jugadores de la NBA cuando est\u00e1n con sus respectivas selecciones nacionales.<\/p>\n<p>\u201cEs que nosotros no necesitamos\u201c, refiri\u00e9ndose al seguro que cada federaci\u00f3n nacional debe tener para los jugadores que representan a dichos pa\u00edses en los torneos internacionales de FIBA.<\/p>\n<p>\u201cCuando tu eres NBA no lo necesitas (el seguro con la selecci\u00f3n). La NBA te lo cubre\u201c, sentenci\u00f3 Delgado sobre la cobertura del seguro en caso de una lesi\u00f3n de cualquier jugador mientras est\u00e9 jugando con su equipo nacional.<\/p>\n","protected":false},"excerpt":{"rendered":"<p>\u00c1ngel Delgado lo dej\u00f3 saber en una entrevista a Vincent Carmona, mejor conocido como \u201cEl Dotol Nastra\u201d en su cuenta de Youtube.<\/p>\n","protected":false},"author":16,"featured_media":56040,"comment_status":"closed","ping_status":"closed","sticky":false,"template":"","format":"standard","meta":[],"categories":[2,60],"tags":[],"acf":[],"_links":{"self":[{"href":"https:\/\/colimdo.org\/wp-api\/wp\/v2\/posts\/56039"}],"collection":[{"href":"https:\/\/colimdo.org\/wp-api\/wp\/v2\/posts"}],"about":[{"href":"https:\/\/colimdo.org\/wp-api\/wp\/v2\/types\/post"}],"author":[{"embeddable":true,"href":"https:\/\/colimdo.org\/wp-api\/wp\/v2\/users\/16"}],"replies":[{"embeddable":true,"href":"https:\/\/colimdo.org\/wp-api\/wp\/v2\/comments?post=56039"}],"version-history":[{"count":3,"href":"https:\/\/colimdo.org\/wp-api\/wp\/v2\/posts\/56039\/revisions"}],"predecessor-version":[{"id":56043,"href":"https:\/\/colimdo.org\/wp-api\/wp\/v2\/posts\/56039\/revisions\/56043"}],"wp:featuredmedia":[{"embeddable":true,"href":"https:\/\/colimdo.org\/wp-api\/wp\/v2\/media\/56040"}],"wp:attachment":[{"href":"https:\/\/colimdo.org\/wp-api\/wp\/v2\/media?parent=56039"}],"wp:term":[{"taxonomy":"category","embeddable":true,"href":"https:\/\/colimdo.org\/wp-api\/wp\/v2\/categories?post=56039"},{"taxonomy":"post_tag","embeddable":true,"href":"https:\/\/colimdo.org\/wp-api\/wp\/v2\/tags?post=56039"}],"curies":[{"name":"wp","href":"https:\/\/api.w.org\/{rel}","templated":true}]}}