{"id":56059,"date":"2019-06-19T21:54:10","date_gmt":"2019-06-19T21:54:10","guid":{"rendered":"https:\/\/colimdo.org\/?p=56059"},"modified":"2019-06-19T21:54:25","modified_gmt":"2019-06-19T21:54:25","slug":"club-naco-gran-campeon-copa-invitacional-abierta-judo","status":"publish","type":"post","link":"https:\/\/colimdo.org\/noticias\/club-naco-gran-campeon-copa-invitacional-abierta-judo\/","title":{"rendered":"Club Naco, gran campe\u00f3n Copa Invitacional Abierta de Judo"},"content":{"rendered":"<p><strong>SANTO DOMINGO<\/strong>.\u00a0El seleccionado del Club Deportivo Naco result\u00f3 el gran campe\u00f3n de la Copa Invitacional de Judo Abierta de Clubes que llev\u00f3 a cabo la Asociaci\u00f3n de Judo del Distrito Nacional en la Casa Nacional de ese deporte en el Centro Ol\u00edmpico.<\/p>\n<p>Los judocas naque\u00f1os ocuparon el primer lugar en las categor\u00edas infantil A y B, as\u00ed como en cadete, junior y senior, y el segundo pelda\u00f1o en benjam\u00edn y pre-infantil.<\/p>\n<p>Otras representaciones que sobresalieron en la Copa Invitacional de Judo Abierta de Clubes fueron Tavarez Judo, que logr\u00f3 el primer lugar en benjam\u00edn y pre-infantil, mientras que la Casa Nacional del Judo se alz\u00f3 con el segundo puesto en infantil A y B, y el tercer lugar en cadete, junior y senior.<\/p>\n<p>El equipo de San Crist\u00f3bal se qued\u00f3 con el segundo puesto en las categor\u00edas cadete, junior y senior, en tanto que el tercer lugar en benjam\u00edn y pre-infantil recay\u00f3 sobre Villa Francisca. El Club Judo UASD obtuvo el tercer lugar en infantil A y B.<\/p>\n<p>El torneo, que cont\u00f3 tambi\u00e9n con la participaci\u00f3n de atletas de las asociaciones de Santo Domingo, Monte Plata y San Crist\u00f3bal, tuvo el apoyo de Rizek Cacao, LANISA (Langa-Isaac y Asociados) y la Federaci\u00f3n Dominicana de Judo (Fedojudo).<\/p>\n<p>La Copa Invitacional Abierta de Clubes de Judo tuvo una dedicaci\u00f3n especial a Altagracia Contreras, ex atleta de judo y quien fue la primera mujer abanderada de la Rep\u00fablica Dominicana en los Juegos Ol\u00edmpicos celebrados en 1992 en Barcelona, Espa\u00f1a.<\/p>\n<p>El certamen cont\u00f3 con la participaci\u00f3n de unos 300 judocas de 10 clubes y tres asociaciones, los cuales competir\u00e1n en las edades desde los cinco hasta los 20 a\u00f1os.<\/p>\n<p>Las competencias se llevaron a cabo en las categor\u00edas benjam\u00edn y preinfantil 5-10 a\u00f1os; 11-14 a\u00f1os infantil, as\u00ed como en 15-20 a\u00f1os (cadetes y junior).<\/p>\n<p>En el\u00a0torneo\u00a0participaron atletas de los\u00a0clubes\u00a0Tavarez\u00a0Judo, Casa\u00a0Nacional\u00a0del\u00a0Judo; Kosen Dojo; Naco\u00a0Judo, New Horizons, Villa Francisca y Geraldino\u00a0Judo, entre otros.<\/p>\n","protected":false},"excerpt":{"rendered":"<p>El equipo del club Naco result\u00f3 el gran campe\u00f3n de la Copa Invitacional de Judo Abierta de Clubes que organiz\u00f3 la Asojudina.<\/p>\n","protected":false},"author":13,"featured_media":56060,"comment_status":"closed","ping_status":"closed","sticky":false,"template":"","format":"standard","meta":[],"categories":[2,60],"tags":[],"acf":[],"_links":{"self":[{"href":"https:\/\/colimdo.org\/wp-api\/wp\/v2\/posts\/56059"}],"collection":[{"href":"https:\/\/colimdo.org\/wp-api\/wp\/v2\/posts"}],"about":[{"href":"https:\/\/colimdo.org\/wp-api\/wp\/v2\/types\/post"}],"author":[{"embeddable":true,"href":"https:\/\/colimdo.org\/wp-api\/wp\/v2\/users\/13"}],"replies":[{"embeddable":true,"href":"https:\/\/colimdo.org\/wp-api\/wp\/v2\/comments?post=56059"}],"version-history":[{"count":1,"href":"https:\/\/colimdo.org\/wp-api\/wp\/v2\/posts\/56059\/revisions"}],"predecessor-version":[{"id":56061,"href":"https:\/\/colimdo.org\/wp-api\/wp\/v2\/posts\/56059\/revisions\/56061"}],"wp:featuredmedia":[{"embeddable":true,"href":"https:\/\/colimdo.org\/wp-api\/wp\/v2\/media\/56060"}],"wp:attachment":[{"href":"https:\/\/colimdo.org\/wp-api\/wp\/v2\/media?parent=56059"}],"wp:term":[{"taxonomy":"category","embeddable":true,"href":"https:\/\/colimdo.org\/wp-api\/wp\/v2\/categories?post=56059"},{"taxonomy":"post_tag","embeddable":true,"href":"https:\/\/colimdo.org\/wp-api\/wp\/v2\/tags?post=56059"}],"curies":[{"name":"wp","href":"https:\/\/api.w.org\/{rel}","templated":true}]}}