{"id":56062,"date":"2019-06-19T22:04:58","date_gmt":"2019-06-19T22:04:58","guid":{"rendered":"https:\/\/colimdo.org\/?p=56062"},"modified":"2019-06-19T22:05:09","modified_gmt":"2019-06-19T22:05:09","slug":"escogido-revela-planes-estructuracion-campana-2019-20","status":"publish","type":"post","link":"https:\/\/colimdo.org\/noticias\/escogido-revela-planes-estructuracion-campana-2019-20\/","title":{"rendered":"Escogido revela planes de estructuraci\u00f3n para campa\u00f1a 2019-20"},"content":{"rendered":"<p><strong>SANTO DOMINGO<\/strong>.-\u00a0Con el reto de llevar un paso m\u00e1s adelante lo realizado en el torneo pasado, el gerente general Jos\u00e9 G\u00f3mez Fr\u00edas indic\u00f3 que gran parte del n\u00facleo ofensivo de los Leones del Escogido se centrar\u00e1 en su material nativo.<\/p>\n<p>\u201cVarios de nuestros jugadores est\u00e1n destac\u00e1ndose en el verano y dos de ellos son el infielder Iv\u00e1n Castillo y el jardinero Luis Liberato, quienes son parte del presente y del futuro del Escogido y esperamos que en esta temporada tengan un rol a\u00fan mayor con nosotros\u201d, manifest\u00f3 G\u00f3mez Fr\u00edas.<\/p>\n<p>El ejecutivo tambi\u00e9n destac\u00f3 al receptor Julio Rodr\u00edguez, elegido el a\u00f1o pasado en el sorteo de Novatos de la LIDOM, quien hasta ahora tiene permiso para ver acci\u00f3n en el invierno.<\/p>\n<p>\u201cEllos tres nos dan la opci\u00f3n de no tener que importar a jugadores de la l\u00ednea central esta campa\u00f1a, algo que tuvimos que hacer el a\u00f1o pasado\u201d, coment\u00f3.<\/p>\n<p>G\u00f3mez Fr\u00edas tambi\u00e9n mencion\u00f3 al jugador del cuadro Randy C\u00e9sar, al utility Eliezer \u00c1lvarez y al inicialista Aderlin Rodr\u00edguez, como jugadores claves para los Leones iniciar el campeonato.<\/p>\n<p>Adem\u00e1s de Castillo, G\u00f3mez tambi\u00e9n ponder\u00f3 a Willi Castro, Jeison Guzm\u00e1n, Oneil Cruz y Joe Dunand, resaltando as\u00ed la profundidad del club en la posici\u00f3n de campocorto.<\/p>\n<p>No dej\u00f3 de lado a los veteranos C\u00e9sar Puello, Wilkin Castillo, Miguel G\u00f3mez, Jimmy Paredes y Charlie Valerio, entre los que tambi\u00e9n servir\u00e1n como respaldo para los melenudos.<\/p>\n<p><strong>Los lanzadores<\/strong><\/p>\n<p>El gerente resalt\u00f3 la alta cantidad de brazos activos que el Escogido tiene en el b\u00e9isbol organizado y cit\u00f3 a los relevistas Arqu\u00edmedes Caminero, Jos\u00e9 Cisnero, Di\u00f3genes Almeng\u00f3, Edward Paredes y Rafael De Paula entre los relevistas que podr\u00edan ser parte importante de los rojos.<\/p>\n<p><strong>Los importados<\/strong><\/p>\n<p>G\u00f3mez Fr\u00edas tambi\u00e9n revel\u00f3 que hasta ahora el plan del equipo ser\u00e1 traer un antesalista y un jardinero, con capacidad de empujar carreras, dejando las dem\u00e1s plazas para lanzadores.<\/p>\n<p>\u201cSalvo alg\u00fan imprevisto, este es nuestro plan. Tenemos algunos perfiles identificados de refuerzos para el medio de la alineaci\u00f3n y el resto lo utilizar\u00edamos en el pitcheo\u201d, dijo.<\/p>\n<p>Agreg\u00f3 que \u201cvamos a tratar de expandirnos un poco fuera del beisbol organizado, como hicimos con Josh Lowey y Tyler Alexander la temporada pasada, buscando jugadores de posiciones puntuales que puedan tener disponibilidad el a\u00f1o completo\u201d.<\/p>\n","protected":false},"excerpt":{"rendered":"<p>La gerencia de los Leones manifest\u00f3 se enfocar\u00e1n en pitcheo importado y hasta ahora traer\u00edan solo dos refuerzos de posici\u00f3n.<\/p>\n","protected":false},"author":13,"featured_media":56063,"comment_status":"closed","ping_status":"closed","sticky":false,"template":"","format":"standard","meta":[],"categories":[2,60],"tags":[],"acf":[],"_links":{"self":[{"href":"https:\/\/colimdo.org\/wp-api\/wp\/v2\/posts\/56062"}],"collection":[{"href":"https:\/\/colimdo.org\/wp-api\/wp\/v2\/posts"}],"about":[{"href":"https:\/\/colimdo.org\/wp-api\/wp\/v2\/types\/post"}],"author":[{"embeddable":true,"href":"https:\/\/colimdo.org\/wp-api\/wp\/v2\/users\/13"}],"replies":[{"embeddable":true,"href":"https:\/\/colimdo.org\/wp-api\/wp\/v2\/comments?post=56062"}],"version-history":[{"count":1,"href":"https:\/\/colimdo.org\/wp-api\/wp\/v2\/posts\/56062\/revisions"}],"predecessor-version":[{"id":56064,"href":"https:\/\/colimdo.org\/wp-api\/wp\/v2\/posts\/56062\/revisions\/56064"}],"wp:featuredmedia":[{"embeddable":true,"href":"https:\/\/colimdo.org\/wp-api\/wp\/v2\/media\/56063"}],"wp:attachment":[{"href":"https:\/\/colimdo.org\/wp-api\/wp\/v2\/media?parent=56062"}],"wp:term":[{"taxonomy":"category","embeddable":true,"href":"https:\/\/colimdo.org\/wp-api\/wp\/v2\/categories?post=56062"},{"taxonomy":"post_tag","embeddable":true,"href":"https:\/\/colimdo.org\/wp-api\/wp\/v2\/tags?post=56062"}],"curies":[{"name":"wp","href":"https:\/\/api.w.org\/{rel}","templated":true}]}}