{"id":56065,"date":"2019-06-20T02:31:30","date_gmt":"2019-06-20T02:31:30","guid":{"rendered":"https:\/\/colimdo.org\/?p=56065"},"modified":"2019-06-20T14:42:55","modified_gmt":"2019-06-20T14:42:55","slug":"fedobe-tendra-asamblea-este-jueves-sin-nada-definido","status":"publish","type":"post","link":"https:\/\/colimdo.org\/noticias\/fedobe-tendra-asamblea-este-jueves-sin-nada-definido\/","title":{"rendered":"Fedobe tendr\u00e1 asamblea este jueves sin nada definido"},"content":{"rendered":"<p>EL NUEVO DIARIO, SANTO DOMINGO.- La Federaci\u00f3n Dominicana de B\u00e9isbol (Fedobe) tendr\u00e1 una asamblea extraordinario este jueves a las 11 de la ma\u00f1ana, en el Comit\u00e9 Ol\u00edmpico Dominicano (COD), donde se tocar\u00e1 \u00fanicamente el tema de un nuevo presidente para la instituci\u00f3n.<\/p>\n<p>Luego de la muerte de H\u00e9ctor \u2013Tito- Pereyra, quien fuera el mandam\u00e1s de la instituci\u00f3n por m\u00e1s de 25 a\u00f1os, Juan N\u00fa\u00f1ez, secretario de la Fedobe se habr\u00eda proclamado como el nuevo presidente, sin embargo, el COD inform\u00f3 hace un par de d\u00edas que \u201cno reconoce, ni reconocer\u00e1 ninguna designaci\u00f3n que no est\u00e9 sujeta al estricto cumplimiento de sus estatutos.<\/p>\n<p>Esta decisi\u00f3n est\u00e1 fundamentada en el hecho comprobado de que \u201cno se realiz\u00f3 el debido proceso que valide la designaci\u00f3n\u201d de Juan N\u00fa\u00f1ez y la direcci\u00f3n ejecutiva de la Fedobe, luego del fallecimiento de Pereyra, quien al momento de su deceso era el presidente de ese organismo.<\/p>\n<p>Seg\u00fan un informante, Jos\u00e9 Can\u00f3, primer vicepresidente y quien legalmente es el presidente interino, se reuni\u00f3 hace unos d\u00edas con el ejecutivo de la instituci\u00f3n, donde se decidi\u00f3 impulsar a Juan N\u00fa\u00f1ez a la presidencia de la instituci\u00f3n, sin embargo, otra fuente indic\u00f3 que luego de la asamblea lo que tocar\u00e1 es llamar a elecciones.<\/p>\n<p>Empero, la Fedobe no solo tiene ese inconveniente de por medio, al parecer otra batalla viene en camino, ya que en los pasillos del COD se habla de que tan r\u00e1pido como este a\u00f1o se unir\u00e1 con la Federaci\u00f3n Dominicana de Softbol y para eso vendr\u00e1 Riccardo Fraccari, presidente de la Confederaci\u00f3n Mundial de B\u00e9isbol y S\u00f3ftbol (WBSC).<\/p>\n<p>&nbsp;<\/p>\n","protected":false},"excerpt":{"rendered":"<p>Luego de la muerte de H\u00e9ctor \u2013Tito- Pereyra, quien fuera el mandam\u00e1s de la instituci\u00f3n por m\u00e1s de 25 a\u00f1os, Juan N\u00fa\u00f1ez, secretario de la Fedobe se habr\u00eda proclamado como el nuevo presidente, sin embargo, el COD inform\u00f3 hace un par de d\u00edas que \u201cno reconoce, ni reconocer\u00e1 ninguna designaci\u00f3n que no est\u00e9 sujeta al estricto cumplimiento de sus estatutos.<\/p>\n","protected":false},"author":19,"featured_media":56103,"comment_status":"closed","ping_status":"closed","sticky":false,"template":"","format":"standard","meta":[],"categories":[2,60],"tags":[],"acf":[],"_links":{"self":[{"href":"https:\/\/colimdo.org\/wp-api\/wp\/v2\/posts\/56065"}],"collection":[{"href":"https:\/\/colimdo.org\/wp-api\/wp\/v2\/posts"}],"about":[{"href":"https:\/\/colimdo.org\/wp-api\/wp\/v2\/types\/post"}],"author":[{"embeddable":true,"href":"https:\/\/colimdo.org\/wp-api\/wp\/v2\/users\/19"}],"replies":[{"embeddable":true,"href":"https:\/\/colimdo.org\/wp-api\/wp\/v2\/comments?post=56065"}],"version-history":[{"count":3,"href":"https:\/\/colimdo.org\/wp-api\/wp\/v2\/posts\/56065\/revisions"}],"predecessor-version":[{"id":56104,"href":"https:\/\/colimdo.org\/wp-api\/wp\/v2\/posts\/56065\/revisions\/56104"}],"wp:featuredmedia":[{"embeddable":true,"href":"https:\/\/colimdo.org\/wp-api\/wp\/v2\/media\/56103"}],"wp:attachment":[{"href":"https:\/\/colimdo.org\/wp-api\/wp\/v2\/media?parent=56065"}],"wp:term":[{"taxonomy":"category","embeddable":true,"href":"https:\/\/colimdo.org\/wp-api\/wp\/v2\/categories?post=56065"},{"taxonomy":"post_tag","embeddable":true,"href":"https:\/\/colimdo.org\/wp-api\/wp\/v2\/tags?post=56065"}],"curies":[{"name":"wp","href":"https:\/\/api.w.org\/{rel}","templated":true}]}}