{"id":56076,"date":"2019-06-20T03:13:51","date_gmt":"2019-06-20T03:13:51","guid":{"rendered":"https:\/\/colimdo.org\/?p=56076"},"modified":"2019-06-20T03:13:51","modified_gmt":"2019-06-20T03:13:51","slug":"pau-gasol-ilusion-disputar-los-juegos-tokio-luchare-ello","status":"publish","type":"post","link":"https:\/\/colimdo.org\/noticias\/pau-gasol-ilusion-disputar-los-juegos-tokio-luchare-ello\/","title":{"rendered":"Pau Gasol: \u201cMi ilusi\u00f3n es disputar los Juegos de Tokio y luchar\u00e9 por ello\u201d"},"content":{"rendered":"<p>Barcelona.-\u201cMi ilusi\u00f3n es disputar los Juegos de Tokio y ojal\u00e1 se cumpla. Yo, sin duda, pienso luchar por ello\u201d, afirma en una entrevista con la Agencia EFE Pau Gasol, que llegar\u00eda con 40 a\u00f1os a la cita asi\u00e1tica, aunque no descarta seguir en activo despu\u00e9s de ese verano: \u201cA partir de ah\u00ed, veremos qu\u00e9 decisiones tomamos y qu\u00e9 oportunidades hay\u201d.<\/p>\n<p>Los Juegos que se disputar\u00e1n en Jap\u00f3n ser\u00e1n adem\u00e1s especiales para \u00e9l, ya que all\u00ed se elegir\u00e1n los cuatro representes de la Comisi\u00f3n de Deportistas del Comit\u00e9 Ol\u00edmpico Internacional (COI) y Gasol es el candidato propuesto por el Comit\u00e9 Ol\u00edmpico Espa\u00f1ol (COE) para el cargo.<\/p>\n<p>\u201cMe presentar\u00e9 a las elecciones en Tokio. Para m\u00ed, poder formar parte del COI despu\u00e9s de haber disputado cuatro Juegos Ol\u00edmpicos, o cinco, si finalmente puedo estar en Tokio, tiene todo el sentido del mundo. Mi ilusi\u00f3n por resultar elegido es muy grande, porque ser\u00eda uno de los momentos m\u00e1s bonitos, no solo de mi carrera profesional sino de mi vida\u201d, afirma en una entrevista concedida a EFE.<\/p>\n<p>El mayor de los Gasol ha estado este mi\u00e9rcoles en Barcelona, presentando un acuerdo entre la Fundaci\u00f3n que lleva su nombre y la Fundaci\u00f3n Bar\u00e7a para luchar contra la obesidad infantil, mientras se recupera de la fractura de estr\u00e9s en el pie izquierdo que le impidi\u00f3 disputar los \u2018play-off\u2019 de la NBA con los Bucks de Milwaukee.<\/p>\n<p>\u201cDe momento, la evoluci\u00f3n sigue los pasos previstos. Todav\u00eda no puedo apoyar el pie, pero en breve me pondr\u00e1n una bota ortop\u00e9dica durante unas semanas y tendr\u00e9 un poco m\u00e1s de movilidad\u201d, apunta el jugador catal\u00e1n, que se present\u00f3 al acto en un patinete el\u00e9ctrico con sill\u00edn que le permite descansar el pie fracturado.<\/p>\n<p>El mayor de los Gasol reconoce que ha sido \u201cuna temporada at\u00edpica\u201d con el cambio de franquicia de San Antonio a Milwaukee y los problemas f\u00edsicos que le han impedido rendir a su nivel y que le han obligado a pasar finalmente por el quir\u00f3fano.<\/p>\n<p>\u201c\u00c9sta es la lesi\u00f3n m\u00e1s grave que he tenido en mi carrera. Y que me hayan respetado las lesiones en parte, ha sido suerte, y en parte, por la \u00e9tica de trabajo que tenido durante toda m\u00ed carrera\u201d, destaca.<\/p>\n<p>\u201cAl final era necesaria la cirug\u00eda para seguir compitiendo en la mejor Liga del mundo con 39 a\u00f1os que voy a cumplir en julio. Mi carrera est\u00e1 muy por encima de la media de la carrera de cualquier otro jugador y, para m\u00ed, eso tambi\u00e9n es motivo de orgullo. Vamos a ver hasta donde llegamos\u201d, a\u00f1ade Gasol, quien este curso ha completado su d\u00e9cimo octava temporada en la NBA.<\/p>\n<p>El jugador de Sant Boi de Llobregat no podr\u00e1, por tanto, participar este verano con Espa\u00f1a en el Mundial de China, pero a la selecci\u00f3n le augura un papel importante en el torneo.<\/p>\n<p>\u201cTenemos grandes jugadores, y aunque haya alguna baja que siempre las ha habido, al final el esp\u00edritu esta ah\u00ed, y eso es algo que hemos construido durante much\u00edsimos a\u00f1os. Conf\u00edo al m\u00e1ximo en que el equipo har\u00e1 un gran campeonato\u201d, subraya.<\/p>\n<p>Despu\u00e9s del verano, Pau Gasol espera estar ya recuperado e iniciar la pretemporada con los Bucks: \u201cPara m\u00ed ser\u00eda interesante poder continuar en Milwaukee. Fue la apuesta personal que hice al salir de San Antonio esta temporada y creo que el equipo tiene un potencial muy grande para ganar el anillo\u201d.<\/p>\n<p>Ser\u00eda su tercer campeonato tras los dos conquistados durante su etapa en los Lakers, aunque Gasol es consciente de que su ascendencia en el juego de los Bucks ya no volver\u00e1 a ser la misma que ten\u00eda como uno de los l\u00edderes, junto a Kobe Bryant, de la franquicia angelina.<\/p>\n<p>\u00bfC\u00f3mo gestionar la etapa final de su carrera? \u00bfC\u00f3mo aceptar que cada vez va a tener un menor protagonismo dentro del equipo? Gasol dice asumirlo con naturalidad.<\/p>\n<p>\u201cHay que entender que se trata de una evoluci\u00f3n natural por la que tiene que pasar cualquier jugador y aceptarlo. Tu ego no debe interponerse en tu bienestar y en la consecuci\u00f3n de los objetivos del equipo, y hay que empezar a prepararse para la siguiente etapa\u201d, responde con serenidad.<\/p>\n<p>En esa siguiente etapa cobrar\u00e1 especial protagonismo la Gasol Fundation y su deseo de que sea \u201cuna fundaci\u00f3n l\u00edder en el campo de la salud y de la lucha contra la obesidad infantil\u201d.<\/p>\n<p>Y tampoco descarta ampliar su colaboraci\u00f3n con el FC Barcelona, aunque tiene claro que ya no volver\u00e1 a le entidad azulgrana como deportista en activo.<\/p>\n<p>\u201cAdem\u00e1s del acuerdo entre ambas fundaciones, tambi\u00e9n soy embajador del club en Estados Unidos y quiz\u00e1 esa relaci\u00f3n evolucione. Las oportunidades y las opciones se evaluar\u00e1n cuando llegue el momento, pero para tener un rol m\u00e1s estable deber\u00eda estar asentado de nuevo en Barcelona. Todo esto son inc\u00f3gnitas que iremos descubriendo con el tiempo\u201d, sentencia.<\/p>\n","protected":false},"excerpt":{"rendered":"<p>Los Juegos que se disputar\u00e1n en Jap\u00f3n ser\u00e1n adem\u00e1s especiales para \u00e9l, ya que all\u00ed se elegir\u00e1n los cuatro representes de la Comisi\u00f3n de Deportistas del Comit\u00e9 Ol\u00edmpico Internacional (COI) y Gasol es el candidato propuesto por el Comit\u00e9 Ol\u00edmpico Espa\u00f1ol (COE) para el cargo.<\/p>\n","protected":false},"author":19,"featured_media":56077,"comment_status":"closed","ping_status":"closed","sticky":false,"template":"","format":"standard","meta":[],"categories":[2,60],"tags":[],"acf":[],"_links":{"self":[{"href":"https:\/\/colimdo.org\/wp-api\/wp\/v2\/posts\/56076"}],"collection":[{"href":"https:\/\/colimdo.org\/wp-api\/wp\/v2\/posts"}],"about":[{"href":"https:\/\/colimdo.org\/wp-api\/wp\/v2\/types\/post"}],"author":[{"embeddable":true,"href":"https:\/\/colimdo.org\/wp-api\/wp\/v2\/users\/19"}],"replies":[{"embeddable":true,"href":"https:\/\/colimdo.org\/wp-api\/wp\/v2\/comments?post=56076"}],"version-history":[{"count":1,"href":"https:\/\/colimdo.org\/wp-api\/wp\/v2\/posts\/56076\/revisions"}],"predecessor-version":[{"id":56078,"href":"https:\/\/colimdo.org\/wp-api\/wp\/v2\/posts\/56076\/revisions\/56078"}],"wp:featuredmedia":[{"embeddable":true,"href":"https:\/\/colimdo.org\/wp-api\/wp\/v2\/media\/56077"}],"wp:attachment":[{"href":"https:\/\/colimdo.org\/wp-api\/wp\/v2\/media?parent=56076"}],"wp:term":[{"taxonomy":"category","embeddable":true,"href":"https:\/\/colimdo.org\/wp-api\/wp\/v2\/categories?post=56076"},{"taxonomy":"post_tag","embeddable":true,"href":"https:\/\/colimdo.org\/wp-api\/wp\/v2\/tags?post=56076"}],"curies":[{"name":"wp","href":"https:\/\/api.w.org\/{rel}","templated":true}]}}