{"id":56115,"date":"2019-06-20T15:05:07","date_gmt":"2019-06-20T15:05:07","guid":{"rendered":"https:\/\/colimdo.org\/?p=56115"},"modified":"2019-06-20T15:05:07","modified_gmt":"2019-06-20T15:05:07","slug":"ard-campeon-golf-los-juegos-deportivos-militares","status":"publish","type":"post","link":"https:\/\/colimdo.org\/noticias\/ard-campeon-golf-los-juegos-deportivos-militares\/","title":{"rendered":"ARD campe\u00f3n de golf de los Juegos Deportivos Militares"},"content":{"rendered":"<p>SANTO DOMINGO.- El equipo de la Armada de la Rep\u00fablica Dominicana se coron\u00f3 campe\u00f3n del torneo de golf, correspondiente a los Juegos Deportivos de las Fuerzas Armadas y la Polic\u00eda Nacional, dedicado al teniente general Rub\u00e9n Dar\u00edo Paulino Sem, Ministro de Defensa, evento celebrado en el campo de Guavaberry Country Club, Juan Dolio.<\/p>\n<p>La justa cont\u00f3 con una masiva participaci\u00f3n de golfistas representando a la Polic\u00eda Nacional, Armada de la Rep\u00fablica Dominicana, Ej\u00e9rcito de la Rep\u00fablica Dominicana y Fuerza A\u00e9rea de la Rep\u00fablica Dominicana, con la organizaci\u00f3n del C\u00edrculo Deportivo de las Fuerzas Armadas y la Polic\u00eda Nacional, que preside el coronel Kalil Hach\u00e9.<\/p>\n<p>El torneo de golf de los Juegos Militares fue dedicado al mayor general Richard V\u00e1squez Jim\u00e9nez, comandante general de la FARD, por el gran apoyo al deporte. Durante la ceremonia estuvieron presente el teniente general Paulino Sem, ministro de Defensa; el mayor general Ney Aldr\u00edn Bautista Almonte, director de la Polic\u00eda Nacional; mayor general Estanilao Gonell Regalado, comandante general del ERD; vicealmirante Emilio Recio Segura, comandante general de la Armadas Rep\u00fablica Dominicana; mayor general V\u00e1squez Jim\u00e9nez. La representaci\u00f3n de la ARD, logr\u00f3 422 palos; el ERD, 431 y FARD, 450.<\/p>\n<p>Al finalizar se llev\u00f3 a cabo la premiaci\u00f3n a los equipos m\u00e1s destacados a cargo de los altos oficiales que estuvieron presente, presidido por el teniente general Paulino Sem; el mayor general Pedro C\u00e1ceres Chestaro, entre otros oficiales que gustan el deporte.<\/p>\n<p>&nbsp;<\/p>\n","protected":false},"excerpt":{"rendered":"<p>La justa cont\u00f3 con una masiva participaci\u00f3n de golfistas representando a la Polic\u00eda Nacional, Armada de la Rep\u00fablica Dominicana, Ej\u00e9rcito de la Rep\u00fablica Dominicana y Fuerza A\u00e9rea de la Rep\u00fablica Dominicana, con la organizaci\u00f3n del C\u00edrculo Deportivo de las Fuerzas Armadas y la Polic\u00eda Nacional, que preside el coronel Kalil Hach\u00e9.<\/p>\n","protected":false},"author":16,"featured_media":56117,"comment_status":"closed","ping_status":"closed","sticky":false,"template":"","format":"standard","meta":[],"categories":[2,60],"tags":[],"acf":[],"_links":{"self":[{"href":"https:\/\/colimdo.org\/wp-api\/wp\/v2\/posts\/56115"}],"collection":[{"href":"https:\/\/colimdo.org\/wp-api\/wp\/v2\/posts"}],"about":[{"href":"https:\/\/colimdo.org\/wp-api\/wp\/v2\/types\/post"}],"author":[{"embeddable":true,"href":"https:\/\/colimdo.org\/wp-api\/wp\/v2\/users\/16"}],"replies":[{"embeddable":true,"href":"https:\/\/colimdo.org\/wp-api\/wp\/v2\/comments?post=56115"}],"version-history":[{"count":1,"href":"https:\/\/colimdo.org\/wp-api\/wp\/v2\/posts\/56115\/revisions"}],"predecessor-version":[{"id":56118,"href":"https:\/\/colimdo.org\/wp-api\/wp\/v2\/posts\/56115\/revisions\/56118"}],"wp:featuredmedia":[{"embeddable":true,"href":"https:\/\/colimdo.org\/wp-api\/wp\/v2\/media\/56117"}],"wp:attachment":[{"href":"https:\/\/colimdo.org\/wp-api\/wp\/v2\/media?parent=56115"}],"wp:term":[{"taxonomy":"category","embeddable":true,"href":"https:\/\/colimdo.org\/wp-api\/wp\/v2\/categories?post=56115"},{"taxonomy":"post_tag","embeddable":true,"href":"https:\/\/colimdo.org\/wp-api\/wp\/v2\/tags?post=56115"}],"curies":[{"name":"wp","href":"https:\/\/api.w.org\/{rel}","templated":true}]}}