{"id":56119,"date":"2019-06-20T17:49:01","date_gmt":"2019-06-20T17:49:01","guid":{"rendered":"https:\/\/colimdo.org\/?p=56119"},"modified":"2019-06-20T17:49:01","modified_gmt":"2019-06-20T17:49:01","slug":"atletismo-dominicano-asistira-campeonatos-internacionales","status":"publish","type":"post","link":"https:\/\/colimdo.org\/noticias\/atletismo-dominicano-asistira-campeonatos-internacionales\/","title":{"rendered":"Atletismo dominicano asistir\u00e1 a campeonatos internacionales"},"content":{"rendered":"<p class=\"x_MsoNormal\"><b>SANTO DOMINGO.<\/b>\u00a0El atletismo dominicano se prepara para participar en sus tres \u00faltimos eventos internacionales, sin contar la actuaci\u00f3n de la selecci\u00f3n nacional en los Juegos Panamericanos de Lima, Per\u00fa.<\/p>\n<p class=\"x_MsoNormal\">Los compromisos engloban las categor\u00edas U-13, U-15, U-18, U-20 y U-23, respectivamente, que competir\u00e1n en eventos mandatorios en El Salvador, Quer\u00e9taro (M\u00e9xico) y Costa Rica, respectivamente.<\/p>\n<p class=\"x_MsoNormal\">Son tres campeonatos regionales a los que Rep\u00fablica Dominicana deber\u00e1 asistir con car\u00e1cter de obligatoriedad, para evitar ser sancionada internacionalmente si no asiste a uno de esos eventos.<\/p>\n<p class=\"x_MsoNormal\">As\u00ed lo manifest\u00f3 el presidente de la Federaci\u00f3n Dominicana de Asociaciones de Atletismo, Gerardo Suero Correa. Signific\u00f3 que los tres compromisos internacionales ser\u00e1n cubiertos por el Ministerio de Deportes, con el prop\u00f3sito de darle continuidad a la pol\u00edtica de apoyo a las categor\u00edas menores.<\/p>\n<p class=\"x_MsoNormal\">Destac\u00f3 que ya la Federaci\u00f3n celebr\u00f3 todos los campeonatos nacionales con los recursos que aporta cada a\u00f1o el Estado, a trav\u00e9s del Ministerio de Deportes.<\/p>\n<p class=\"x_MsoNormal\"><b>Eventos y fechas<\/b><\/p>\n<p class=\"x_MsoNormal\">Dos de los campeonatos en los que competir\u00e1n los atletas dominicanos se celebrar\u00e1n en la ciudad mexicana de Quer\u00e9taro, entre los d\u00edas 5, 6 y 7 de julio pr\u00f3ximo.<\/p>\n<p class=\"x_MsoNormal\">A esos eventos de categor\u00edas U-18 y U-23 viajar\u00e1n 11 atletas. Tres de ellos lo har\u00e1n en 18 a\u00f1os y menos y los restantes hasta los 23 a\u00f1os.<\/p>\n<p class=\"x_MsoNormal\">Franquelo P\u00e9rez y M\u00e9lody Mar\u00eda Mar\u00eda competir\u00e1n en 10 y 200 metros planos de la divisi\u00f3n U-18, mientras que H\u00e9ctor Eliezer Juan lo har\u00e1 en salto con p\u00e9rtiga.<\/p>\n<p class=\"x_MsoNormal\">Los atletas de U-23 son Fiordaliza Cofil, competidora en 400 metros planos; Denzel Villanueva, en 400 con vallas; Lilian Reyes Gil, 800m; Lidio F\u00e9liz, 200 y 400m; Raymond Urbino y Melvin Marcelino, corredores de 100 y 200 metros; Juandel Bueno, salto triple y Amauris Rodr\u00edguez, en 3000 metros con obst\u00e1culos.<\/p>\n<p class=\"x_MsoNormal\"><b>Los del U-20<\/b><\/p>\n<p class=\"x_MsoNormal\">Otra escuadra de 11 atletas asistir\u00e1 al Panamericano de Costa Rica, que iniciar\u00e1 el 18 de julio y concluir\u00e1 cuatro d\u00edas despu\u00e9s.<\/p>\n<p class=\"x_MsoNormal\">Martha M\u00e9ndez y Scarlet Reyes van por las medallas en 100 y 200 metros planos, Cofil y Milagros Dur\u00e1n, en 400 planos; Marianny Ota\u00f1o, en 100 con vallas; Angelo F\u00e9liz, 100 y 200m; Alexander Ogando, 200m; C\u00e9sar El\u00edas Jazm\u00edn, triple salto; Jonathan Garc\u00eda y Anderson Jos\u00e9 Cuesta, ambos en 400m y Lizandra Ozoria, en lanzamiento del disco.<\/p>\n<p class=\"x_MsoNormal\"><b>Hacia El Salvador<\/b><\/p>\n<p class=\"x_MsoNormal\">Los chicos m\u00e1s j\u00f3venes que ir\u00e1n al Centroamericano y del Caribe de El Salvador, cuya fecha de celebraci\u00f3n ser\u00e1 26 al 27 de julio.<\/p>\n<p class=\"x_MsoNormal\">Este \u00faltimo evento es competencia de la Asociaci\u00f3n Panamericana de Atletismo y los dos primeros son de la jurisdicci\u00f3n de la Asociaci\u00f3n Norte, Centroamericana y del Caribe (NACAC).<\/p>\n<p class=\"x_MsoNormal\">\u201cSon eventos muy importantes para nuestra federaci\u00f3n porque iremos con los atletas de proyecci\u00f3n para el pr\u00f3ximo ciclo ol\u00edmpico, por lo que consideramos que es indispensable nuestra presencia en todos los campeonatos\u201d, concluy\u00f3 Gerardo Suero.<\/p>\n","protected":false},"excerpt":{"rendered":"<p>Los compromisos engloban las categor\u00edas U-13, U-15, U-18, U-20 y U-23, respectivamente, que competir\u00e1n en eventos mandatorios en El Salvador, Quer\u00e9taro (M\u00e9xico) y Costa Rica, respectivamente.<\/p>\n","protected":false},"author":16,"featured_media":56120,"comment_status":"closed","ping_status":"closed","sticky":false,"template":"","format":"standard","meta":[],"categories":[2,60],"tags":[],"acf":[],"_links":{"self":[{"href":"https:\/\/colimdo.org\/wp-api\/wp\/v2\/posts\/56119"}],"collection":[{"href":"https:\/\/colimdo.org\/wp-api\/wp\/v2\/posts"}],"about":[{"href":"https:\/\/colimdo.org\/wp-api\/wp\/v2\/types\/post"}],"author":[{"embeddable":true,"href":"https:\/\/colimdo.org\/wp-api\/wp\/v2\/users\/16"}],"replies":[{"embeddable":true,"href":"https:\/\/colimdo.org\/wp-api\/wp\/v2\/comments?post=56119"}],"version-history":[{"count":1,"href":"https:\/\/colimdo.org\/wp-api\/wp\/v2\/posts\/56119\/revisions"}],"predecessor-version":[{"id":56121,"href":"https:\/\/colimdo.org\/wp-api\/wp\/v2\/posts\/56119\/revisions\/56121"}],"wp:featuredmedia":[{"embeddable":true,"href":"https:\/\/colimdo.org\/wp-api\/wp\/v2\/media\/56120"}],"wp:attachment":[{"href":"https:\/\/colimdo.org\/wp-api\/wp\/v2\/media?parent=56119"}],"wp:term":[{"taxonomy":"category","embeddable":true,"href":"https:\/\/colimdo.org\/wp-api\/wp\/v2\/categories?post=56119"},{"taxonomy":"post_tag","embeddable":true,"href":"https:\/\/colimdo.org\/wp-api\/wp\/v2\/tags?post=56119"}],"curies":[{"name":"wp","href":"https:\/\/api.w.org\/{rel}","templated":true}]}}