{"id":56122,"date":"2019-06-20T18:26:46","date_gmt":"2019-06-20T18:26:46","guid":{"rendered":"https:\/\/colimdo.org\/?p=56122"},"modified":"2019-06-20T18:28:23","modified_gmt":"2019-06-20T18:28:23","slug":"presidente-peru-destaca-legado-dejaran-los-juegos-panamericanos","status":"publish","type":"post","link":"https:\/\/colimdo.org\/noticias\/presidente-peru-destaca-legado-dejaran-los-juegos-panamericanos\/","title":{"rendered":"Presidente de Per\u00fa destaca legado que dejar\u00e1n los Juegos Panamericanos"},"content":{"rendered":"<p>EFE. El presidente de Per\u00fa, Mart\u00edn Vizcarra, afirm\u00f3 este mi\u00e9rcoles que los Panamericanos Lima 2019 dejar\u00e1n \u201cun legado\u201d para la pr\u00e1ctica de todos los deportes e \u201cinfraestructura\u201d en su pa\u00eds, y pidi\u00f3 a sus compatriotas no solo alentar al f\u00fatbol, sino tambi\u00e9n a otras disciplinas.<\/p>\n<p>Durante una visita al Complejo Deportivo Andr\u00e9s Avelino C\u00e1ceres, en el distrito lime\u00f1o de Villa Mar\u00eda del Triunfo, que ser\u00e1 una de las sedes de los Juegos, Vizcarra destac\u00f3 que el Ejecutivo ha cumplido \u201cdando infraestructura con lo \u00faltimo de la tecnolog\u00eda para que esta competencia sea de clase mundial\u201d.<\/p>\n<p>Asimismo, si bien manifest\u00f3 su alegr\u00eda por el triunfo por 3-1 obtenido este martes por la selecci\u00f3n de f\u00fatbol de Per\u00fa sobre Bolivia en la Copa Am\u00e9rica que se disputa en Brasil, se\u00f1al\u00f3 que tambi\u00e9n \u201chay que alentar a otros deportes\u201d.<\/p>\n<p>\u201cEstamos contentos de que la selecci\u00f3n de f\u00fatbol ganara ayer en la Copa Am\u00e9rica. Estamos contentos, pero hay que alentar a otros deportes y los Panamericanos ser\u00e1n la oportunidad para dejar un legado para la pr\u00e1ctica del deporte, con buena infraestructura que ser\u00e1 usada por los ciudadanos\u201d, sostuvo.<\/p>\n<p>El gobernante resalt\u00f3 que en los Panamericanos, que se celebrar\u00e1n del 26 de julio al 11 de agosto pr\u00f3ximo, participar\u00e1n 41 pa\u00edses de Am\u00e9rica, con un total de 9.000 deportistas y paradeportistas, a los que se sumar\u00e1n sus equipos t\u00e9cnicos y visitantes que llegar\u00e1n para alentar y seguir las competencias, pero tambi\u00e9n para \u201cconocer\u201d Per\u00fa.<\/p>\n<p>\u201cSe calcula 175.000 visitantes que tendremos a prop\u00f3sito de esta competencia\u201d, destac\u00f3.<\/p>\n<p>Vizcarra record\u00f3 que los Juegos de Lima 2019 permitir\u00e1n a los ganadores de 22 disciplinas deportivas clasificarse a los Juegos Ol\u00edmpicos de Tokio 2020, mientras que los peruanos que logren medallas recibir\u00e1n como incentivo un apartamento en la Villa Panamericana, construido en el distrito de Villa El Salvador.<\/p>\n<p>\u201cEse esfuerzo ser\u00e1 reconocido por el Gobierno peruano, porque sabemos del esfuerzo que conlleva a los deportistas ganar una competencia de este nivel, pues entrenan todos los d\u00edas para representar con honor al pa\u00eds\u201d, subray\u00f3.<\/p>\n<p>El gobernante expres\u00f3, finalmente, su satisfacci\u00f3n porque, seg\u00fan dijo, hasta el momento se han vendido 100.000 entradas para las competencias de los Panamericanos Lima 2019, y alent\u00f3 \u201ca los amantes de todos los deportes\u201d a que sigan comprando los boletos para asistir a los escenarios deportivos<\/p>\n","protected":false},"excerpt":{"rendered":"<p>El presidente de Per\u00fa, Mart\u00edn Vizcarra, afirm\u00f3 este mi\u00e9rcoles que los Panamericanos Lima 2019 dejar\u00e1n \u201cun legado\u201d para la pr\u00e1ctica de todos los deportes e \u201cinfraestructura\u201d en su pa\u00eds, y pidi\u00f3 a sus compatriotas no solo alentar al f\u00fatbol, sino tambi\u00e9n a otras disciplinas.<\/p>\n","protected":false},"author":16,"featured_media":56125,"comment_status":"closed","ping_status":"closed","sticky":false,"template":"","format":"standard","meta":[],"categories":[2,60],"tags":[],"acf":[],"_links":{"self":[{"href":"https:\/\/colimdo.org\/wp-api\/wp\/v2\/posts\/56122"}],"collection":[{"href":"https:\/\/colimdo.org\/wp-api\/wp\/v2\/posts"}],"about":[{"href":"https:\/\/colimdo.org\/wp-api\/wp\/v2\/types\/post"}],"author":[{"embeddable":true,"href":"https:\/\/colimdo.org\/wp-api\/wp\/v2\/users\/16"}],"replies":[{"embeddable":true,"href":"https:\/\/colimdo.org\/wp-api\/wp\/v2\/comments?post=56122"}],"version-history":[{"count":1,"href":"https:\/\/colimdo.org\/wp-api\/wp\/v2\/posts\/56122\/revisions"}],"predecessor-version":[{"id":56124,"href":"https:\/\/colimdo.org\/wp-api\/wp\/v2\/posts\/56122\/revisions\/56124"}],"wp:featuredmedia":[{"embeddable":true,"href":"https:\/\/colimdo.org\/wp-api\/wp\/v2\/media\/56125"}],"wp:attachment":[{"href":"https:\/\/colimdo.org\/wp-api\/wp\/v2\/media?parent=56122"}],"wp:term":[{"taxonomy":"category","embeddable":true,"href":"https:\/\/colimdo.org\/wp-api\/wp\/v2\/categories?post=56122"},{"taxonomy":"post_tag","embeddable":true,"href":"https:\/\/colimdo.org\/wp-api\/wp\/v2\/tags?post=56122"}],"curies":[{"name":"wp","href":"https:\/\/api.w.org\/{rel}","templated":true}]}}