{"id":56126,"date":"2019-06-20T18:30:26","date_gmt":"2019-06-20T18:30:26","guid":{"rendered":"https:\/\/colimdo.org\/?p=56126"},"modified":"2019-06-20T18:30:26","modified_gmt":"2019-06-20T18:30:26","slug":"nunez-nepomuseno-electo-presidente-la-fedobe","status":"publish","type":"post","link":"https:\/\/colimdo.org\/noticias\/nunez-nepomuseno-electo-presidente-la-fedobe\/","title":{"rendered":"N\u00fa\u00f1ez Nepomuseno es electo presidente de la FEDOBE"},"content":{"rendered":"<p class=\"x_ydp739b188fMsoNormal\">SANTO DOMINGO.- Juan N\u00fa\u00f1ez Nepomuseno fue instalado como presidente de la Federaci\u00f3n Dominicana de B\u00e9isbol (FEDOBE), en el marco de una asamblea General Extraordinaria celebrada este jueves en el sal\u00f3n Juan Ulises Garc\u00eda Saleta (Whiche) del Comit\u00e9 Ol\u00edmpico Dominicano.<\/p>\n<p class=\"x_ydp739b188fMsoNormal\">Despu\u00e9s de cumplirse el debido proceso, como hab\u00eda exigido el COD y seg\u00fan los estatuto de la FEDOBE, N\u00fa\u00f1ez Nepomuseno fue instalado presidente.<\/p>\n<p class=\"x_ydp739b188fMsoNormal\">En la asamblea estuvo presente como observador Luis Chanlatte, segundo vicepresidente del COD y enlace entre el Comit\u00e9 Ejecutivo de ese organismo y el COD, quien valid\u00f3 las documentaciones y posteriormente jurament\u00f3 a los nuevos directivos de la FEDOBE.<\/p>\n<p class=\"x_ydp739b188fMsoNormal\">Previamente se produjo la renuncia de los tres vicepresidentes de la FEDOBE, dejando el camino expedito para que N\u00fa\u00f1ez Nepomuseno fuera escogido presidente del organismo.<\/p>\n<p class=\"x_ydp739b188fMsoNormal\">La asamblea que escogi\u00f3 a N\u00fa\u00f1ez Nepomuseno como presidente, tambi\u00e9n eligi\u00f3 a Heriberto M. Then, como Secretario General de la FEDOBE; Juli\u00e1n Antono De Le\u00f3n, como segundo vicepresidente; Di\u00f3genes N\u00fa\u00f1ez, tercer vicepresidente y Abraham Solano, secretario organizaci\u00f3n.<\/p>\n<p class=\"x_ydp739b188fMsoNormal\">Todos fueron elegidos a unanimidad de los delegados presentes.<\/p>\n<p class=\"x_ydp739b188fMsoNormal\">La asamblea general extraordinaria de la FEDOBE fue convocada conforme al art\u00edculo 26 de los estatutos. En la asamblea fue aplicado el art\u00edculo 36-A sobre los vicepresidengtes y el art\u00edculo 37-F, sobre la secretar\u00eda general. El cuorum establecido fue de 92 por ciento de sus asociaciones afiliadas con derecho a voz y voto, con los que se procedi\u00f3 a la elecci\u00f3n de los directivos.<\/p>\n<p class=\"x_ydp739b188fMsoNormal\">N\u00fa\u00f1ez Nepomuseno ocupa la presidencia vacante, luego del fallecimiento de H\u00e9ctor \u2013Tito- Pereyra.<\/p>\n","protected":false},"excerpt":{"rendered":"<p>Despu\u00e9s de cumplirse el debido proceso, como hab\u00eda exigido el COD y seg\u00fan los estatuto de la FEDOBE, N\u00fa\u00f1ez Nepomuseno fue instalado presidente.<\/p>\n","protected":false},"author":16,"featured_media":56123,"comment_status":"closed","ping_status":"closed","sticky":false,"template":"","format":"standard","meta":[],"categories":[2,60],"tags":[],"acf":[],"_links":{"self":[{"href":"https:\/\/colimdo.org\/wp-api\/wp\/v2\/posts\/56126"}],"collection":[{"href":"https:\/\/colimdo.org\/wp-api\/wp\/v2\/posts"}],"about":[{"href":"https:\/\/colimdo.org\/wp-api\/wp\/v2\/types\/post"}],"author":[{"embeddable":true,"href":"https:\/\/colimdo.org\/wp-api\/wp\/v2\/users\/16"}],"replies":[{"embeddable":true,"href":"https:\/\/colimdo.org\/wp-api\/wp\/v2\/comments?post=56126"}],"version-history":[{"count":1,"href":"https:\/\/colimdo.org\/wp-api\/wp\/v2\/posts\/56126\/revisions"}],"predecessor-version":[{"id":56128,"href":"https:\/\/colimdo.org\/wp-api\/wp\/v2\/posts\/56126\/revisions\/56128"}],"wp:featuredmedia":[{"embeddable":true,"href":"https:\/\/colimdo.org\/wp-api\/wp\/v2\/media\/56123"}],"wp:attachment":[{"href":"https:\/\/colimdo.org\/wp-api\/wp\/v2\/media?parent=56126"}],"wp:term":[{"taxonomy":"category","embeddable":true,"href":"https:\/\/colimdo.org\/wp-api\/wp\/v2\/categories?post=56126"},{"taxonomy":"post_tag","embeddable":true,"href":"https:\/\/colimdo.org\/wp-api\/wp\/v2\/tags?post=56126"}],"curies":[{"name":"wp","href":"https:\/\/api.w.org\/{rel}","templated":true}]}}