{"id":56132,"date":"2019-06-20T20:04:55","date_gmt":"2019-06-20T20:04:55","guid":{"rendered":"https:\/\/colimdo.org\/?p=56132"},"modified":"2019-06-20T20:35:09","modified_gmt":"2019-06-20T20:35:09","slug":"luis-mejia-oviedo-sale-lausana-festejos-del-coi","status":"publish","type":"post","link":"https:\/\/colimdo.org\/noticias\/luis-mejia-oviedo-sale-lausana-festejos-del-coi\/","title":{"rendered":"Luis Mej\u00eda Oviedo sale a Lausana a festejos del COI"},"content":{"rendered":"<p class=\"x_ydpeeae006cx_ydpbe8b8f69MsoNormal\">SANTO DOMINGO.- El presidente del Comit\u00e9 Ol\u00edmpico Dominicano (COD), Luis Mej\u00eda Oviedo, viaja este jueves hacia Lausana, Suiza, para participar en los festejo del Comit\u00e9 Ol\u00edmpico Internacional (COI).<\/p>\n<p class=\"x_ydpeeae006cx_ydpbe8b8f69MsoNormal\">Mej\u00eda Oviedo, quien es miembro del COI, sali\u00f3 este jueves y tiene previsto participar en la 34va asamblea de ese organismo.<\/p>\n<p class=\"x_ydpeeae006cx_ydpbe8b8f69MsoNormal\">Tambi\u00e9n tiene programado participar de la ceremonia de inauguraci\u00f3n de la nueva sede del organismo.<\/p>\n<p class=\"x_ydpeeae006cx_ydpbe8b8f69MsoNormal\">\u201cVamos a participar de la asamblea en nuestra condici\u00f3n de miembro COI y tambi\u00e9n, como es de rigor, participar en todos los actos programados\u201d para esta semana.<\/p>\n<p class=\"x_ydpeeae006cx_ydpbe8b8f69MsoNormal\">El regreso de Mej\u00eda Oviedo est\u00e1 programado para el jueves, 27 de junio en la pr\u00f3xima semana.<\/p>\n","protected":false},"excerpt":{"rendered":"<p>Mej\u00eda Oviedo, quien es miembro del COI, sali\u00f3 este jueves y tiene previsto participar en la 34va asamblea de ese organismo.<\/p>\n","protected":false},"author":16,"featured_media":56135,"comment_status":"closed","ping_status":"closed","sticky":false,"template":"","format":"standard","meta":[],"categories":[2,60],"tags":[],"acf":[],"_links":{"self":[{"href":"https:\/\/colimdo.org\/wp-api\/wp\/v2\/posts\/56132"}],"collection":[{"href":"https:\/\/colimdo.org\/wp-api\/wp\/v2\/posts"}],"about":[{"href":"https:\/\/colimdo.org\/wp-api\/wp\/v2\/types\/post"}],"author":[{"embeddable":true,"href":"https:\/\/colimdo.org\/wp-api\/wp\/v2\/users\/16"}],"replies":[{"embeddable":true,"href":"https:\/\/colimdo.org\/wp-api\/wp\/v2\/comments?post=56132"}],"version-history":[{"count":1,"href":"https:\/\/colimdo.org\/wp-api\/wp\/v2\/posts\/56132\/revisions"}],"predecessor-version":[{"id":56134,"href":"https:\/\/colimdo.org\/wp-api\/wp\/v2\/posts\/56132\/revisions\/56134"}],"wp:featuredmedia":[{"embeddable":true,"href":"https:\/\/colimdo.org\/wp-api\/wp\/v2\/media\/56135"}],"wp:attachment":[{"href":"https:\/\/colimdo.org\/wp-api\/wp\/v2\/media?parent=56132"}],"wp:term":[{"taxonomy":"category","embeddable":true,"href":"https:\/\/colimdo.org\/wp-api\/wp\/v2\/categories?post=56132"},{"taxonomy":"post_tag","embeddable":true,"href":"https:\/\/colimdo.org\/wp-api\/wp\/v2\/tags?post=56132"}],"curies":[{"name":"wp","href":"https:\/\/api.w.org\/{rel}","templated":true}]}}