{"id":56146,"date":"2019-06-21T02:18:24","date_gmt":"2019-06-21T02:18:24","guid":{"rendered":"https:\/\/colimdo.org\/?p=56146"},"modified":"2019-06-21T02:18:24","modified_gmt":"2019-06-21T02:18:24","slug":"bach-objetivo-no-muchas-candidatas-jjoo-sino-la-mejor","status":"publish","type":"post","link":"https:\/\/colimdo.org\/noticias\/bach-objetivo-no-muchas-candidatas-jjoo-sino-la-mejor\/","title":{"rendered":"Bach: \u201cEl objetivo no es tener muchas candidatas a JJOO, sino la mejor\u201d"},"content":{"rendered":"<p>MADRID.- El presidente del Comit\u00e9 Ol\u00edmpico Internacional (COI), el alem\u00e1n Thomas Bach, asegur\u00f3 este jueves que el objetivo del organismo \u201cno es tener el m\u00e1ximo n\u00famero posible de candidatas a albergar unos Juegos Ol\u00edmpicos, sino tener a la mejor\u201d.<\/p>\n<p>A cuatro d\u00edas de la elecci\u00f3n, el pr\u00f3ximo lunes, de la sede de los Jueg<\/p>\n<p>\u201cEl objetivo es tener a la mejor ciudad para los mejores atletas del mundo. Con nuestros nuevos procedimientos lo haremos a\u00fan mejor\u201d, afirm\u00f3 en una conferencia de prensa en Lausana (Suiza), al t\u00e9rmino de la reuni\u00f3n de la Comisi\u00f3n Ejecutiva del organismo.<\/p>\n<p>Durante la misma, se cumpli\u00f3 con el tr\u00e1mite formal de autorizar que las candidatas ya evaluadas y examinadas de todas las formas posibles, Mil\u00e1n y Estocolmo, se sometan el lunes al voto de la asamblea del COI para elegir la sede de los Juegos de 2026.<\/p>\n<p>\u201cEs una decisi\u00f3n que ten\u00edamos que tomar, seg\u00fan nuestras reglas\u201d, dijo el presidente. \u201cEstamos muy contentos de ver que las dos aspirantes est\u00e1n totalmente alineadas con la Agenda Ol\u00edmpica 2020. Son dos pa\u00edses con una gran tradici\u00f3n en deportes de invierno\u201d, a\u00f1adi\u00f3.<\/p>\n<p>Hasta Lausana se desplazar\u00e1n para apoyar los proyectos de sus pa\u00edses el primer ministro sueco, Stefan L\u00f6fven, y el italiano, Giuseppe Conte.<\/p>\n<p>Para Thomas Bach, \u201ces un gran honor\u201d que acudan los jefes de gobierno, pero no tiene previsto mantener encuentros bilaterales con ellos.<\/p>\n<p>En la elecci\u00f3n de futuras sedes, el COI buscar\u00e1 \u201cuna evoluci\u00f3n de la revoluci\u00f3n\u201d que supuso la Agenda 2020 en cuanto a sostenibilidad, flexibilidad y recorte de gastos.<\/p>\n<p>Bach habl\u00f3 del deseo de \u201creducir el n\u00famero de perdedores\u201d en las votaciones para elegir la sede, por el sentimiento de frustraci\u00f3n que genera, y preguntado por cu\u00e1l ser\u00eda el n\u00famero ideal de derrotados se\u00f1al\u00f3 que \u201cen el mejor de los mundos tendr\u00eda que ser cero\u201d.<\/p>\n<p>La Ejecutiva repas\u00f3 este jueves el estado de los futuros Juegos y Bach dijo que no recuerda \u201cciudad alguna que tuviera los preparativos tan avanzados como Tokio un a\u00f1o antes\u201d. Su programa de m\u00e1rketing tambi\u00e9n ha batido todas las marcas, a\u00f1adi\u00f3.<\/p>\n<p>El abogado alem\u00e1n se refiri\u00f3 asimismo a uno de los programas m\u00e1s queridos de su mandato, el de apoyo a los deportistas refugiados, y record\u00f3 en su D\u00eda Mundial que el COI tiene a 37 j\u00f3venes becados con posibilidades de formar parte del equipo de Deportistas Ol\u00edmpicos Refugiados en Tokio 2020.<\/p>\n<p>La mayor\u00eda de ellos residen en Kenia. Uno, el judoca Popole Misenga, originario de la Rep\u00fablica Democr\u00e1tica del Congo, vive y se entrena en R\u00edo de Janeiro y ya particip\u00f3 en los Juegos de 2016.<\/p>\n<p>El equipo de refugiados de Tokio ser\u00e1 \u201ccon seguridad\u201d mayor que el de R\u00edo, donde compitieron diez de ellos.<\/p>\n<p>Thomas Bach hizo una defensa del perfil de los diez candidatos a convertirse el pr\u00f3ximo mi\u00e9rcoles en miembros del COI, algunos sin relaci\u00f3n directa con el deporte de alta competici\u00f3n.<\/p>\n<p>\u201cNecesitamos personas con experiencia en educaci\u00f3n, en pol\u00edtica, en m\u00e1rketing, en comunicaci\u00f3n\u2026 Hacemos cosas tan diversas que necesitamos esa diversidad entre los miembros del COI\u201d, afirm\u00f3.<\/p>\n<p>Entre los futuros nuevos asamble\u00edstas figuran la expresidenta costarricense entre 2010 y 2014 Laura Chinchilla, el indonesio Erick Thohir, expresidente del Inter de Mil\u00e1n y expropietario de los 76ers de la NBA, y el costamarfile\u00f1o Tidjane Thiam, director ejecutivo del banco Credit Suisse.<\/p>\n<p>&nbsp;<\/p>\n<p>os de Invierno de 2026, de nuevo con una m\u00ednima lista de dos aspirantes (Mil\u00e1n y Estocolmo), Bach descart\u00f3 que esta escasez de candidaturas preocupe en la instituci\u00f3n que dirige.<\/p>\n<p>&nbsp;<\/p>\n","protected":false},"excerpt":{"rendered":"<p> El presidente del Comit\u00e9 Ol\u00edmpico Internacional (COI), el alem\u00e1n Thomas Bach, asegur\u00f3 este jueves que el objetivo del organismo \u201cno es tener el m\u00e1ximo n\u00famero posible de candidatas a albergar unos Juegos Ol\u00edmpicos, sino tener a la mejor\u201d.<\/p>\n","protected":false},"author":19,"featured_media":56147,"comment_status":"closed","ping_status":"closed","sticky":false,"template":"","format":"standard","meta":[],"categories":[2,60],"tags":[],"acf":[],"_links":{"self":[{"href":"https:\/\/colimdo.org\/wp-api\/wp\/v2\/posts\/56146"}],"collection":[{"href":"https:\/\/colimdo.org\/wp-api\/wp\/v2\/posts"}],"about":[{"href":"https:\/\/colimdo.org\/wp-api\/wp\/v2\/types\/post"}],"author":[{"embeddable":true,"href":"https:\/\/colimdo.org\/wp-api\/wp\/v2\/users\/19"}],"replies":[{"embeddable":true,"href":"https:\/\/colimdo.org\/wp-api\/wp\/v2\/comments?post=56146"}],"version-history":[{"count":1,"href":"https:\/\/colimdo.org\/wp-api\/wp\/v2\/posts\/56146\/revisions"}],"predecessor-version":[{"id":56148,"href":"https:\/\/colimdo.org\/wp-api\/wp\/v2\/posts\/56146\/revisions\/56148"}],"wp:featuredmedia":[{"embeddable":true,"href":"https:\/\/colimdo.org\/wp-api\/wp\/v2\/media\/56147"}],"wp:attachment":[{"href":"https:\/\/colimdo.org\/wp-api\/wp\/v2\/media?parent=56146"}],"wp:term":[{"taxonomy":"category","embeddable":true,"href":"https:\/\/colimdo.org\/wp-api\/wp\/v2\/categories?post=56146"},{"taxonomy":"post_tag","embeddable":true,"href":"https:\/\/colimdo.org\/wp-api\/wp\/v2\/tags?post=56146"}],"curies":[{"name":"wp","href":"https:\/\/api.w.org\/{rel}","templated":true}]}}