{"id":56149,"date":"2019-06-21T02:31:03","date_gmt":"2019-06-21T02:31:03","guid":{"rendered":"https:\/\/colimdo.org\/?p=56149"},"modified":"2019-06-21T02:31:03","modified_gmt":"2019-06-21T02:31:03","slug":"dominicano-sera-abanderado-puerto-rico-los-juegos-panamericanos","status":"publish","type":"post","link":"https:\/\/colimdo.org\/noticias\/dominicano-sera-abanderado-puerto-rico-los-juegos-panamericanos\/","title":{"rendered":"Un dominicano ser\u00e1 el abanderado de Puerto Rico para los Juegos Panamericanos"},"content":{"rendered":"<p>EL NUEVO DIARIO, PUERTO RICO.- El luchador Franklin G\u00f3mez, elegido el mi\u00e9rcoles como el abanderado de Puerto Rico en los Juegos Panamericanos de Lima 2019, dijo este jueves que tras su elecci\u00f3n pens\u00f3 en su ni\u00f1ez, de cu\u00e1ndo lleg\u00f3 a la isla con su madre desde la Rep\u00fablica Dominicana y empez\u00f3 a dedicarse al deporte.<\/p>\n<p>En videoconferencia desde la Universidad de Penn State, donde entrena e hizo su bachillerato y maestr\u00eda, G\u00f3mez admiti\u00f3 que no esperaba que lo eligieran para la portar la bandera puertorrique\u00f1a y dominar en las votaciones a la fondista Beverly Ramos y a la judoca Mar\u00eda P\u00e9rez.<\/p>\n<p>\u201cEn verdad no me esperaba estar ah\u00ed. Me acord\u00e9 de mi ni\u00f1ez, todo lo que he pasado, desde mis inicios en la lucha ol\u00edmpica, el sentirme uno m\u00e1s, la disciplina y trazar una misi\u00f3n imposible de ser un atleta mundial\u201d, dijo G\u00f3mez ante preguntas de la presidenta del Comit\u00e9 Ol\u00edmpico de Puerto Rico, Sara Rosario.<\/p>\n<p>G\u00f3mez, subcampe\u00f3n mundial en Turqu\u00eda 2011 en los 60kg estilo libre y campe\u00f3n de los Juegos Panamericanos ese mismo a\u00f1o en Guadalajara, agreg\u00f3 que cuando le preguntaron si aceptaba que se sometiera su nombre a la lista de los candidatos, lo pens\u00f3 bastante porque no quer\u00eda que su entrenamiento se afectara.<\/p>\n<p>\u201cEs una responsabilidad seria\u201d, afirm\u00f3 G\u00f3mez, quien durante la videoconferencia mostr\u00f3 que ten\u00eda los dedos de sus manos arropadas con cinta para el entrenamiento que iba a llevar a cabo en la tarde, despu\u00e9s de haber realizado uno primero en la ma\u00f1ana.<\/p>\n<p>De 32 a\u00f1os, G\u00f3mez tambi\u00e9n ha ganado bronce en los Juegos Panamericanos de Toronto 2015, plata en los Juegos Centroamericanos y del Caribe de Barranquilla 2018, oro en los Juegos Centroamericanos y del Caribe en Veracruz 2014 y ha sido m\u00faltiple medallista en eventos continentales y copas del mundo.<\/p>\n<p>El deportista desfilar\u00e1 en la ceremonia de apertura el 26 de julio en el Estadio Nacional de Lima junto a la delegaci\u00f3n puertorrique\u00f1a y 40 pa\u00edses, que completan las naciones participantes en las justas de las Am\u00e9ricas.<\/p>\n<p>Al acto de este jueves en el Copur acudieron otros abanderados de Puerto Rico en los Juegos Panamericanos Jaime Almendro, Luis Felipe \u201cTingui\u201d Vargas, Betty Segarra, Luis Rivera, Johnny Mart\u00ednez y \u00c1ngel \u201cCaco\u201d Cancel.<\/p>\n","protected":false},"excerpt":{"rendered":"<p>El luchador Franklin G\u00f3mez, elegido el mi\u00e9rcoles como el abanderado de Puerto Rico en los Juegos Panamericanos de Lima 2019, dijo este jueves que tras su elecci\u00f3n pens\u00f3 en su ni\u00f1ez, de cu\u00e1ndo lleg\u00f3 a la isla con su madre desde la Rep\u00fablica Dominicana y empez\u00f3 a dedicarse al deporte.<\/p>\n","protected":false},"author":19,"featured_media":56150,"comment_status":"closed","ping_status":"closed","sticky":false,"template":"","format":"standard","meta":[],"categories":[2,60],"tags":[],"acf":[],"_links":{"self":[{"href":"https:\/\/colimdo.org\/wp-api\/wp\/v2\/posts\/56149"}],"collection":[{"href":"https:\/\/colimdo.org\/wp-api\/wp\/v2\/posts"}],"about":[{"href":"https:\/\/colimdo.org\/wp-api\/wp\/v2\/types\/post"}],"author":[{"embeddable":true,"href":"https:\/\/colimdo.org\/wp-api\/wp\/v2\/users\/19"}],"replies":[{"embeddable":true,"href":"https:\/\/colimdo.org\/wp-api\/wp\/v2\/comments?post=56149"}],"version-history":[{"count":1,"href":"https:\/\/colimdo.org\/wp-api\/wp\/v2\/posts\/56149\/revisions"}],"predecessor-version":[{"id":56151,"href":"https:\/\/colimdo.org\/wp-api\/wp\/v2\/posts\/56149\/revisions\/56151"}],"wp:featuredmedia":[{"embeddable":true,"href":"https:\/\/colimdo.org\/wp-api\/wp\/v2\/media\/56150"}],"wp:attachment":[{"href":"https:\/\/colimdo.org\/wp-api\/wp\/v2\/media?parent=56149"}],"wp:term":[{"taxonomy":"category","embeddable":true,"href":"https:\/\/colimdo.org\/wp-api\/wp\/v2\/categories?post=56149"},{"taxonomy":"post_tag","embeddable":true,"href":"https:\/\/colimdo.org\/wp-api\/wp\/v2\/tags?post=56149"}],"curies":[{"name":"wp","href":"https:\/\/api.w.org\/{rel}","templated":true}]}}