{"id":56211,"date":"2019-06-21T18:27:33","date_gmt":"2019-06-21T18:27:33","guid":{"rendered":"https:\/\/colimdo.org\/?p=56211"},"modified":"2019-06-21T18:27:42","modified_gmt":"2019-06-21T18:27:42","slug":"jerez-martinez-guzman-goico-lara-oro-copa-san-pedro-arqueria","status":"publish","type":"post","link":"https:\/\/colimdo.org\/noticias\/jerez-martinez-guzman-goico-lara-oro-copa-san-pedro-arqueria\/","title":{"rendered":"Jerez, Mart\u00ednez, Guzm\u00e1n y Goico de Lara, oro Copa San Pedro Arquer\u00eda"},"content":{"rendered":"<p><strong>SANTO DOMINGO<\/strong>. Anny Jerez, Daniel Mart\u00ednez, Par\u00eds Goico de Lara y Carlina Guzm\u00e1n resultaron los m\u00e1s destacados en sus respectivas modalidades de la Copa San Pedro de Macor\u00eds de Tiro con Arco dedicada a la memoria del fenecido atleta Erick Antonio Eusebio Medina.<\/p>\n<p>El torneo, celebrado en el Complejo Deportivo de San Pedro de Macor\u00eds, cont\u00f3 con la participaci\u00f3n de 31 atletas de la categor\u00eda superior de las distintas asociaciones de Tiro con Arco del pa\u00eds.<\/p>\n<p>Anny Jerez, de La Vega, gan\u00f3 el oro en arco recurvo femenino, seguida de Mar\u00eda Toledo, de Santo Domingo, y el bronce fue para Mar\u00eda Bastardo, de San Pedro de Macor\u00eds.<\/p>\n<p>En arco recurvo masculino, Daniel Mart\u00ednez, de Santo Domingo, conquist\u00f3 el oro, mientras que la plata recay\u00f3 sobre Luis M. J\u00e1quez, de La Vega, y Heriberto Jim\u00e9nez, de La Vega, se qued\u00f3 con el bronce.<\/p>\n<p>En la modalidad arco compuesto masculino, el campe\u00f3n fue el veterano Par\u00eds Goico de Lara, de La Vega, en tanto que la plata y el bronce fueron para los integrantes de Santo Domingo Ali-Kiani Rodr\u00edguez y Mario Berg\u00e9s.<\/p>\n<p>En femenino, Carlina Guzm\u00e1n, de Santo Domingo, gan\u00f3 el oro, seguida por sus compa\u00f1eras de equipo Emily Kingsley y Lara Tejada.<\/p>\n<p><strong>Provincia Santo Domingo, primer lugar<\/strong><\/p>\n<p>La Asociaci\u00f3n de Tiro con Arco de la Provincia Santo Domingo se qued\u00f3 con la Copa de Gran Campeona al totalizar 187 puntos. El segundo pelda\u00f1o fue para la representaci\u00f3n de La Vega, con 141 tantos; San Pedro de Macor\u00eds qued\u00f3 en tercer puesto, con 36 unidades, y el cuarto lugar recay\u00f3 sobre San Francisco de Macor\u00eds, con 16 tantos.<\/p>\n<p>Se compiti\u00f3 en las modalidades Arco Recurvo y Arco compuesto, tanto en masculino como en femenino.<\/p>\n<p>Adem\u00e1s de los arqueros superiores tambi\u00e9n participaron atletas de desarrollo en la distancia de 50 metros como parte de la preparaci\u00f3n para el campeonato Caribe\u00f1o.<\/p>\n<p><strong>Fedota organiza campeonato del Caribe<\/strong><\/p>\n<p>El presidente de la Federaci\u00f3n Dominicana de Tiro con Arco (Fedota) inform\u00f3 que marcha a buen ritmo la log\u00edstica del III Campeonato de Desarrollo del Caribe de esa disciplina que se celebrar\u00e1 del 28 al 30 de este mes en el Pabell\u00f3n de Arquer\u00eda doctor Antonio Ortega del Complejo Parque del Este.<\/p>\n<p>Jos\u00e9 Miguel Robiou dijo que el certamen tiene como objetivo principal el fomento y desarrollo del tiro con arco en la regi\u00f3n de Centroam\u00e9rica y el Caribe. \u201cEstamos listos para la celebraci\u00f3n de este importante campeonato\u201d, agreg\u00f3.<\/p>\n<p>En el campeonato de Tiro con Arco se competir\u00e1 en las distancias de 30 y 50 metros en las modalidades arco recurvo y arco compuesto.<\/p>\n","protected":false},"excerpt":{"rendered":"<p>La Asociaci\u00f3n de Tiro con Arco de la Provincia Santo Domingo se qued\u00f3 con la Copa de Gran Campeona al totalizar 187 puntos.<\/p>\n","protected":false},"author":13,"featured_media":56212,"comment_status":"closed","ping_status":"closed","sticky":false,"template":"","format":"standard","meta":[],"categories":[2,60],"tags":[],"acf":[],"_links":{"self":[{"href":"https:\/\/colimdo.org\/wp-api\/wp\/v2\/posts\/56211"}],"collection":[{"href":"https:\/\/colimdo.org\/wp-api\/wp\/v2\/posts"}],"about":[{"href":"https:\/\/colimdo.org\/wp-api\/wp\/v2\/types\/post"}],"author":[{"embeddable":true,"href":"https:\/\/colimdo.org\/wp-api\/wp\/v2\/users\/13"}],"replies":[{"embeddable":true,"href":"https:\/\/colimdo.org\/wp-api\/wp\/v2\/comments?post=56211"}],"version-history":[{"count":1,"href":"https:\/\/colimdo.org\/wp-api\/wp\/v2\/posts\/56211\/revisions"}],"predecessor-version":[{"id":56213,"href":"https:\/\/colimdo.org\/wp-api\/wp\/v2\/posts\/56211\/revisions\/56213"}],"wp:featuredmedia":[{"embeddable":true,"href":"https:\/\/colimdo.org\/wp-api\/wp\/v2\/media\/56212"}],"wp:attachment":[{"href":"https:\/\/colimdo.org\/wp-api\/wp\/v2\/media?parent=56211"}],"wp:term":[{"taxonomy":"category","embeddable":true,"href":"https:\/\/colimdo.org\/wp-api\/wp\/v2\/categories?post=56211"},{"taxonomy":"post_tag","embeddable":true,"href":"https:\/\/colimdo.org\/wp-api\/wp\/v2\/tags?post=56211"}],"curies":[{"name":"wp","href":"https:\/\/api.w.org\/{rel}","templated":true}]}}