{"id":56214,"date":"2019-06-21T20:29:58","date_gmt":"2019-06-21T20:29:58","guid":{"rendered":"https:\/\/colimdo.org\/?p=56214"},"modified":"2019-06-21T20:30:05","modified_gmt":"2019-06-21T20:30:05","slug":"tres-luchadores-van-campeonato-panamericano-juvenil-morelia","status":"publish","type":"post","link":"https:\/\/colimdo.org\/noticias\/tres-luchadores-van-campeonato-panamericano-juvenil-morelia\/","title":{"rendered":"Tres luchadores van a campeonato Panamericano Juvenil en Morelia"},"content":{"rendered":"<p>SANTO DOMINGO.- Una delegaci\u00f3n de tres luchadores juveniles saldr\u00e1n a la ciudad de Morelia, M\u00e9xico, donde tendr\u00e1n una base de entrenamientos y luego su participaci\u00f3n en el Campeonato Panamericano Juvenil de Lucha.<\/p>\n<p><span style=\"font-style: inherit; font-weight: inherit;\">El seleccionado est\u00e1 compuesto por los luchadores del estilo libre Leandro Vallejo Cabrera, de la categor\u00eda de los 55 kilogramos y Juan Carlos Mart\u00ednez, en los 65, mientras que tambi\u00e9n viaja Fernando Ferrer Cipri\u00e1n, quien es de la divisi\u00f3n de los 65 kilogramos del estilo greco. El entrenador es Joseito Rosario Valdez.<\/span><\/p>\n<p><span style=\"font-style: inherit; font-weight: inherit;\">El campeonato se estar\u00e1 desarrollando a partir del 26 de junio hasta el 30 del mismo mes.<\/span><\/p>\n<p><span style=\"font-style: inherit; font-weight: inherit;\">Estos tres luchadores forman parte del proyecto de desarrollo que desde hace a\u00f1os promueve la Federaci\u00f3n Dominicana de Lucha.<\/span><\/p>\n<p><span style=\"font-style: inherit; font-weight: inherit;\">El licenciado Antonio Acosta, presidente de esa federaci\u00f3n dijo que este grupo de tres luchadores han tenido un gran progreso y espera tengan una buena actuaci\u00f3n en el citado certamen.<\/span><\/p>\n<p><span style=\"font-style: inherit; font-weight: inherit;\">\u201cEstos son parte de nuestros nuevos valores que est\u00e1n saliendo de los Centros de Desarrollo de Talentos\u201d, manifest\u00f3 Acosta.<\/span><\/p>\n<p><span style=\"font-style: inherit; font-weight: inherit;\">Cada a\u00f1o la Federaci\u00f3n Dominicana de Lucha desarrolla una serie de torneos de novatos de donde extrae a los mejores exponentes que luego recluta para ingresarlos a los centros de desarrollo.<\/span><\/p>\n<p><span style=\"font-style: inherit; font-weight: inherit;\">\u201cEstos son los atletas que en el futuro entran a nuestras selecciones nacionales y van a los eventos del Ciclo Ol\u00edmpico\u201d, a\u00f1adi\u00f3 Acosta.<\/span><\/p>\n","protected":false},"excerpt":{"rendered":"<p>El torneo se llevar\u00e1 a cabo del 26 de junio hasta el 30 del mismo mes en la ciudad Morelia, M\u00e9xico.<\/p>\n","protected":false},"author":13,"featured_media":56215,"comment_status":"closed","ping_status":"closed","sticky":false,"template":"","format":"standard","meta":[],"categories":[2,60],"tags":[],"acf":[],"_links":{"self":[{"href":"https:\/\/colimdo.org\/wp-api\/wp\/v2\/posts\/56214"}],"collection":[{"href":"https:\/\/colimdo.org\/wp-api\/wp\/v2\/posts"}],"about":[{"href":"https:\/\/colimdo.org\/wp-api\/wp\/v2\/types\/post"}],"author":[{"embeddable":true,"href":"https:\/\/colimdo.org\/wp-api\/wp\/v2\/users\/13"}],"replies":[{"embeddable":true,"href":"https:\/\/colimdo.org\/wp-api\/wp\/v2\/comments?post=56214"}],"version-history":[{"count":1,"href":"https:\/\/colimdo.org\/wp-api\/wp\/v2\/posts\/56214\/revisions"}],"predecessor-version":[{"id":56216,"href":"https:\/\/colimdo.org\/wp-api\/wp\/v2\/posts\/56214\/revisions\/56216"}],"wp:featuredmedia":[{"embeddable":true,"href":"https:\/\/colimdo.org\/wp-api\/wp\/v2\/media\/56215"}],"wp:attachment":[{"href":"https:\/\/colimdo.org\/wp-api\/wp\/v2\/media?parent=56214"}],"wp:term":[{"taxonomy":"category","embeddable":true,"href":"https:\/\/colimdo.org\/wp-api\/wp\/v2\/categories?post=56214"},{"taxonomy":"post_tag","embeddable":true,"href":"https:\/\/colimdo.org\/wp-api\/wp\/v2\/tags?post=56214"}],"curies":[{"name":"wp","href":"https:\/\/api.w.org\/{rel}","templated":true}]}}