{"id":56219,"date":"2019-06-22T02:32:43","date_gmt":"2019-06-22T02:32:43","guid":{"rendered":"https:\/\/colimdo.org\/?p=56219"},"modified":"2019-06-22T02:37:43","modified_gmt":"2019-06-22T02:37:43","slug":"jose-juan-barea-me-gustaria-horford-towns-participen-mundial-baloncesto-rd","status":"publish","type":"post","link":"https:\/\/colimdo.org\/noticias\/jose-juan-barea-me-gustaria-horford-towns-participen-mundial-baloncesto-rd\/","title":{"rendered":"Barea: \u201cMe gustar\u00eda que Horford y Towns participen en el Mundial por RD\u201d"},"content":{"rendered":"<p>EL NUEVO DIARIO, LA ROMANA.- El jugador de Dallas Mavericks, Jos\u00e9 Juan Barea, expres\u00f3 el deseo de que los jugadores Karl-Anthony Towns y Al Horford participen para la Rep\u00fablica Dominicana en el Mundial de Baloncesto que se jugar\u00e1 en China, a celebrarse del 31 de agosto al 15 de septiembre.<\/p>\n<p>\u201cTodo jugador que est\u00e9 saludable debe ir al Mundial de Baloncesto. Lo m\u00e1s importante para un atleta es representar a su pa\u00eds. Los jugadores debemos ser ejemplo para los ni\u00f1os. Me gustar\u00eda ver a Towns (Karl) y a Horford (Al) vistiendo la camiseta dominicana\u201d, dijo el NBA.<\/p>\n<p>\u201cCada jugador tiene su opini\u00f3n, su teor\u00eda de ir o no a un evento\u2026pero yo entiendo que si usted est\u00e1 en salud debe ir a representar a su pa\u00eds\u201d, agreg\u00f3 el boricua, quien tiene deseo de ponerse la camiseta de Puerto Rico, pero que fue operado en enero y por lo tanto se encuentra en recuperaci\u00f3n.<\/p>\n<p>\u201cQuiero ir al Mundial de China con Puerto Rico, tengo el deseo, pero sigo resentido de mi lesi\u00f3n. Todo depende de la mejor\u00eda de la lesi\u00f3n. Fui operado en enero y ya estoy practicando e incluso jugando golf, pero aun no puedo decir que ir\u00e9\u201d, explica.<\/p>\n<p>Barea fue operado de la rotura del tend\u00f3n de Aquiles del pie derecho.<\/p>\n<p>Por otra parte, Barea, quien cumplir\u00e1 35 a\u00f1os el 26 de junio, quiere seguir con Dallas, equipo para el cual tiene laborando por varios a\u00f1os.<\/p>\n<p>\u201cEn julio creo que firmar\u00e9 nueva vez con Dallas. Quiero jugar dos o tres temporadas m\u00e1s en la NBA\u201d, sostuvo.<\/p>\n<p>Por \u00faltimo, Barea envi\u00f3 un mensaje a los extranjeros que no tengan miedo de venir al pa\u00eds, ya que seg\u00fan \u00e9l \u201cen dominicana nunca he tenido problemas\u201d.<\/p>\n<p>\u201cTengo 15 a\u00f1os viniendo al pa\u00eds, a jugar golf y de vacaciones y nunca he tenido problemas. Amo este pa\u00eds y nunca dejar\u00e9 de venir. Aqu\u00ed tengo grandes amigos\u201d, culmin\u00f3.<\/p>\n<p>Barea est\u00e1 en el pa\u00eds desde este jueves y hasta el domingo participando en la versi\u00f3n 52 de los Campeonatos Nacionales, que organiza la Federaci\u00f3n Dominicana de Golf.<\/p>\n","protected":false},"excerpt":{"rendered":"<p> El jugador de Dallas Mavericks, Jos\u00e9 Juan Barea, expres\u00f3 el deseo de que los jugadores Karl-Anthony Towns y Al Horford participen para la Rep\u00fablica Dominicana en el Mundial de Baloncesto que se jugar\u00e1 en China, a celebrarse del 31 de agosto al 15 de septiembre.<\/p>\n","protected":false},"author":19,"featured_media":56220,"comment_status":"closed","ping_status":"closed","sticky":false,"template":"","format":"standard","meta":[],"categories":[2,60],"tags":[],"acf":[],"_links":{"self":[{"href":"https:\/\/colimdo.org\/wp-api\/wp\/v2\/posts\/56219"}],"collection":[{"href":"https:\/\/colimdo.org\/wp-api\/wp\/v2\/posts"}],"about":[{"href":"https:\/\/colimdo.org\/wp-api\/wp\/v2\/types\/post"}],"author":[{"embeddable":true,"href":"https:\/\/colimdo.org\/wp-api\/wp\/v2\/users\/19"}],"replies":[{"embeddable":true,"href":"https:\/\/colimdo.org\/wp-api\/wp\/v2\/comments?post=56219"}],"version-history":[{"count":3,"href":"https:\/\/colimdo.org\/wp-api\/wp\/v2\/posts\/56219\/revisions"}],"predecessor-version":[{"id":56224,"href":"https:\/\/colimdo.org\/wp-api\/wp\/v2\/posts\/56219\/revisions\/56224"}],"wp:featuredmedia":[{"embeddable":true,"href":"https:\/\/colimdo.org\/wp-api\/wp\/v2\/media\/56220"}],"wp:attachment":[{"href":"https:\/\/colimdo.org\/wp-api\/wp\/v2\/media?parent=56219"}],"wp:term":[{"taxonomy":"category","embeddable":true,"href":"https:\/\/colimdo.org\/wp-api\/wp\/v2\/categories?post=56219"},{"taxonomy":"post_tag","embeddable":true,"href":"https:\/\/colimdo.org\/wp-api\/wp\/v2\/tags?post=56219"}],"curies":[{"name":"wp","href":"https:\/\/api.w.org\/{rel}","templated":true}]}}