{"id":56253,"date":"2019-06-22T15:11:47","date_gmt":"2019-06-22T15:11:47","guid":{"rendered":"https:\/\/colimdo.org\/?p=56253"},"modified":"2019-06-22T16:00:55","modified_gmt":"2019-06-22T16:00:55","slug":"muere-brasil-jugador-del-vasco-da-gama-accidente-motos","status":"publish","type":"post","link":"https:\/\/colimdo.org\/noticias\/muere-brasil-jugador-del-vasco-da-gama-accidente-motos\/","title":{"rendered":"Muere en Brasil un jugador del Vasco da Gama en un accidente de motos"},"content":{"rendered":"<p>EL NUEVO DIARIO, SAO PAULO.- El futbolista brasile\u00f1o Thalles Lima de Concei\u00e7\u00e3o Penha, de 24 a\u00f1os, muri\u00f3 este s\u00e1bado en un accidente entre dos motocicletas en la regi\u00f3n metropolitana de R\u00edo de Janeiro, que dej\u00f3 adem\u00e1s otro fallecido y tres heridos, informaron fuentes oficiales.<\/p>\n<p>De acuerdo con el Cuerpo de Bomberos de R\u00edo de Janeiro, el accidente ocurri\u00f3 despu\u00e9s de la colisi\u00f3n entre los dos veh\u00edculos en la ciudad de Sao Gon\u00e7alo, que perdieron el control y arrollaron a algunos peatones que estaban en el local.<\/p>\n<p>Todas las v\u00edctimas fueron ingresadas en un hospital de la regi\u00f3n y tres personas siguen internadas en diferentes estados de salud.<\/p>\n<p>Thalles fue descubierto -y jug\u00f3 la mayor parte de su carrera- por el club carioca Vasco da Gama, pero lleg\u00f3 a ser prestado al Albirex Niigata de Jap\u00f3n y, a principios de 2019, pas\u00f3 a defender el Ponte Preta brasile\u00f1o, tambi\u00e9n en la condici\u00f3n de prestado.<\/p>\n<p>En una nota, el Vasco da Gama lament\u00f3 la precoz muerte del jugador y se puso a disposici\u00f3n de la familia del futbolista.<\/p>\n<p>\u201cA\u00fan en shock con la noticia del accidente, lamentamos profundamente el fallecimiento del delantero Thalles Lima de Concei\u00e7\u00e3o Penha. Deseamos mucha fuerza a los familiares y amigos en este momento dif\u00edcil\u201d, expres\u00f3 el conjunto carioca en sus redes sociales.<\/p>\n<p>El actual club de Thalles, el Ponte Preta, tambi\u00e9n se manifest\u00f3 sobre el suceso y afirm\u00f3 que recibi\u00f3 la noticia del \u201ctr\u00e1gico accidente\u201d de manera \u201ctriste y consternada\u201d.<\/p>\n<p>\u201cEn este momento de dolor, la Puente se solidariza con la familia y todos los amigos. Thalles, nuestros corazones est\u00e1n contigo\u201d, subray\u00f3 la formaci\u00f3n.<\/p>\n<p>Descubierto por el Vasco da Gama a los 11 a\u00f1os de edad, el atacante pas\u00f3 a formar parte de la plantilla principal del club carioca en 2013, despu\u00e9s de una \u201ctrayectoria marcada por muchos goles\u201d en el equipo juvenil, y, un a\u00f1o despu\u00e9s, fue convocado para la Selecci\u00f3n Brasile\u00f1a sub-20.<\/p>\n<p>Seg\u00fan se\u00f1al\u00f3 el conjunto, Thalles disput\u00f3 157 partidos con la camisa del Vasco da Gama y anot\u00f3 36 goles, adem\u00e1s de conquistar cuatro t\u00edtulos: el Campeonato Carioca 2015, la Copa Guanabara 2016, el Campeonato Carioca 2016 y la Copa R\u00edo 2017.<\/p>\n","protected":false},"excerpt":{"rendered":"<p> El futbolista brasile\u00f1o Thalles Lima de Concei\u00e7\u00e3o Penha, de 24 a\u00f1os, muri\u00f3 este s\u00e1bado en un accidente entre dos motocicletas en la regi\u00f3n metropolitana de R\u00edo de Janeiro, que dej\u00f3 adem\u00e1s otro fallecido y tres heridos, informaron fuentes oficiales.<\/p>\n","protected":false},"author":19,"featured_media":56272,"comment_status":"closed","ping_status":"closed","sticky":false,"template":"","format":"standard","meta":[],"categories":[2,60],"tags":[],"acf":[],"_links":{"self":[{"href":"https:\/\/colimdo.org\/wp-api\/wp\/v2\/posts\/56253"}],"collection":[{"href":"https:\/\/colimdo.org\/wp-api\/wp\/v2\/posts"}],"about":[{"href":"https:\/\/colimdo.org\/wp-api\/wp\/v2\/types\/post"}],"author":[{"embeddable":true,"href":"https:\/\/colimdo.org\/wp-api\/wp\/v2\/users\/19"}],"replies":[{"embeddable":true,"href":"https:\/\/colimdo.org\/wp-api\/wp\/v2\/comments?post=56253"}],"version-history":[{"count":1,"href":"https:\/\/colimdo.org\/wp-api\/wp\/v2\/posts\/56253\/revisions"}],"predecessor-version":[{"id":56255,"href":"https:\/\/colimdo.org\/wp-api\/wp\/v2\/posts\/56253\/revisions\/56255"}],"wp:featuredmedia":[{"embeddable":true,"href":"https:\/\/colimdo.org\/wp-api\/wp\/v2\/media\/56272"}],"wp:attachment":[{"href":"https:\/\/colimdo.org\/wp-api\/wp\/v2\/media?parent=56253"}],"wp:term":[{"taxonomy":"category","embeddable":true,"href":"https:\/\/colimdo.org\/wp-api\/wp\/v2\/categories?post=56253"},{"taxonomy":"post_tag","embeddable":true,"href":"https:\/\/colimdo.org\/wp-api\/wp\/v2\/tags?post=56253"}],"curies":[{"name":"wp","href":"https:\/\/api.w.org\/{rel}","templated":true}]}}