{"id":56258,"date":"2019-06-22T15:18:46","date_gmt":"2019-06-22T15:18:46","guid":{"rendered":"https:\/\/colimdo.org\/?p=56258"},"modified":"2019-06-22T15:18:46","modified_gmt":"2019-06-22T15:18:46","slug":"atletas-sambo-actuaran-panamericano","status":"publish","type":"post","link":"https:\/\/colimdo.org\/noticias\/atletas-sambo-actuaran-panamericano\/","title":{"rendered":"Atletas de Sambo actuar\u00e1n en Panamericano"},"content":{"rendered":"<p>LISTIN DIARIO, SANTO DOMINGO.-\u00a0El presidente de la Federaci\u00f3n Dominicana de Sambo, Eliseo Romero, present\u00f3 ayer a la selecci\u00f3n de esa disciplina que representar\u00e1 al pa\u00eds en el Panamericano de ese deporte a efectuarse del 28 al 30 de este mes, en el pabell\u00f3n de balonmano del Parque del Este con la participaci\u00f3n de atletas de 25 naciones.<\/p>\n<p>Al presentar a equipo dominicano, Romero sostuvo que ya el evento est\u00e1 debidamente montado y que cuenta con el aval del Ministerio de Deportes, del Comit\u00e9 Ol\u00edmpico Dominicano y de la Federaci\u00f3n Internacional de Sambo (FIAS),<\/p>\n<p>\u201cEstamos dando los toque finales al montaje de este evento, al que vendr\u00e1n ejecutivos de la FIAS y vamos a presentar un certamen de nivel\u201d dijo el dirigente federado, quien estuvo acompa\u00f1ado del secretario general de la federaci\u00f3n, Osvaldo Garc\u00eda.<\/p>\n<p>Record\u00f3 que el Sambo es un arte marcial que combina varias disciplinas y que el pa\u00eds en la actualidad es el campe\u00f3n Panamericano al conquistar el t\u00edtulo en 2018.<\/p>\n<p>Dijo que por el momento est\u00e1n confirmados, M\u00e9xico, Venezuela, Panam\u00e1, Uruguay, Paraguay, Estados Unidos, Brasil, Ecuador, San Salvador, Per\u00fa, Colombia, Nicaragua, Chile, Argentina, Canad\u00e1, Cuba, entre otros.<\/p>\n<p>El viceministro de Deportes, Marcos D\u00edaz, destac\u00f3 la celebraci\u00f3n y afirm\u00f3 que este deporte va en v\u00eda de desarrollo en el pa\u00eds.<\/p>\n","protected":false},"excerpt":{"rendered":"<p>El presidente de la Federaci\u00f3n Dominicana de Sambo, Eliseo Romero, present\u00f3 ayer a la selecci\u00f3n de esa disciplina que representar\u00e1 al pa\u00eds en el Panamericano de ese deporte a efectuarse del 28 al 30 de este mes, en el pabell\u00f3n de balonmano del Parque del Este con la participaci\u00f3n de atletas de 25 naciones.<\/p>\n","protected":false},"author":19,"featured_media":56259,"comment_status":"closed","ping_status":"closed","sticky":false,"template":"","format":"standard","meta":[],"categories":[2,60],"tags":[],"acf":[],"_links":{"self":[{"href":"https:\/\/colimdo.org\/wp-api\/wp\/v2\/posts\/56258"}],"collection":[{"href":"https:\/\/colimdo.org\/wp-api\/wp\/v2\/posts"}],"about":[{"href":"https:\/\/colimdo.org\/wp-api\/wp\/v2\/types\/post"}],"author":[{"embeddable":true,"href":"https:\/\/colimdo.org\/wp-api\/wp\/v2\/users\/19"}],"replies":[{"embeddable":true,"href":"https:\/\/colimdo.org\/wp-api\/wp\/v2\/comments?post=56258"}],"version-history":[{"count":1,"href":"https:\/\/colimdo.org\/wp-api\/wp\/v2\/posts\/56258\/revisions"}],"predecessor-version":[{"id":56260,"href":"https:\/\/colimdo.org\/wp-api\/wp\/v2\/posts\/56258\/revisions\/56260"}],"wp:featuredmedia":[{"embeddable":true,"href":"https:\/\/colimdo.org\/wp-api\/wp\/v2\/media\/56259"}],"wp:attachment":[{"href":"https:\/\/colimdo.org\/wp-api\/wp\/v2\/media?parent=56258"}],"wp:term":[{"taxonomy":"category","embeddable":true,"href":"https:\/\/colimdo.org\/wp-api\/wp\/v2\/categories?post=56258"},{"taxonomy":"post_tag","embeddable":true,"href":"https:\/\/colimdo.org\/wp-api\/wp\/v2\/tags?post=56258"}],"curies":[{"name":"wp","href":"https:\/\/api.w.org\/{rel}","templated":true}]}}