{"id":56288,"date":"2019-06-23T01:56:32","date_gmt":"2019-06-23T01:56:32","guid":{"rendered":"https:\/\/colimdo.org\/?p=56288"},"modified":"2019-06-23T01:56:32","modified_gmt":"2019-06-23T01:56:32","slug":"juan-martin-del-potro-salio-bien-la-operacion-rotura","status":"publish","type":"post","link":"https:\/\/colimdo.org\/noticias\/juan-martin-del-potro-salio-bien-la-operacion-rotura\/","title":{"rendered":"Juan Mart\u00edn del Potro sali\u00f3 bien de la operaci\u00f3n de r\u00f3tura"},"content":{"rendered":"<p>DIARIO LIBRE.- El tenista argentino Juan Mart\u00edn del Potro fue operado \u201ccon \u00e9xito\u201d este s\u00e1bado en Barcelona de la fractura de r\u00f3tula derecha que se produjo el pasado martes en el torneo de Queen\u2019s, en Londres, durante el partido contra el canadiense Denis Shapovalov.<\/p>\n<p>El paciente Juan Mart\u00edn del Potro ha sido operado con \u00e9xito en el d\u00eda de hoy en la cl\u00ednica Creu Blanca de Barcelona de su fractura de r\u00f3tula derecha\u201d, se\u00f1ala un comunicado oficial emitido por el entorno del tenista.<\/p>\n<p>\u201cEn dicha cirug\u00eda se ha procedido a la ex\u00e9resis del fragmento. La intervenci\u00f3n ha sido realiza por los doctores Jaume Vilar\u00f3 y \u00c1ngel Ruiz Cotorro\u201d, a\u00f1ade la nota enviada.<\/p>\n<p>Del Potro, que puede estar alejado de la competici\u00f3n durante seis meses, se lesion\u00f3 despu\u00e9s de resbalarse en un momento del choque contra Shapovalov en Queen\u2019s, que se disputa sobre hierba.<\/p>\n<p>El tenista argentino volvi\u00f3 a sentir dolores en la rodilla que ya se hab\u00eda da\u00f1ado el pasado a\u00f1o y que le obligaron a estar inactivo durante las cuatro \u00faltimas semanas del 2018 y que han limitado a cinco torneos su recorrido en el circuito ATP en el presente curso.<\/p>\n<p>Desde que Del Potro gan\u00f3 el Abierto de Estados Unidos en el 2009 su carrera ha estado marcada por las lesiones. En la temporada siguiente fue operado de la mu\u00f1eca derecha y estuvo de baja ocho meses. Despu\u00e9s, tuvo que ser intervenido hasta en tres ocasiones de la mu\u00f1eca izquierda.<\/p>\n<p>El tenista argentino siempre volvi\u00f3 a las pistas despu\u00e9s. En esta ocasi\u00f3n, Del Potro prefiri\u00f3 ser cauto en un v\u00eddeo que hizo p\u00fablico en las redes sociales. \u201cNo s\u00e9 qu\u00e9 va a pasar m\u00e1s adelante. Ojal\u00e1 pueda volver a tener salud en la rodilla. Si el del otro d\u00eda fue mi \u00faltimo partido de tenis no lo s\u00e9. Se ver\u00e1 durante la recuperaci\u00f3n\u201d, indic\u00f3.<\/p>\n","protected":false},"excerpt":{"rendered":"<p>El tenista argentino Juan Mart\u00edn del Potro fue operado con \u00e9xito el s\u00e1bado 22 de junio y su regreso a la competencia est\u00e1 para despu\u00e9s de seis meses.<\/p>\n","protected":false},"author":19,"featured_media":56289,"comment_status":"closed","ping_status":"closed","sticky":false,"template":"","format":"standard","meta":[],"categories":[2,60],"tags":[],"acf":[],"_links":{"self":[{"href":"https:\/\/colimdo.org\/wp-api\/wp\/v2\/posts\/56288"}],"collection":[{"href":"https:\/\/colimdo.org\/wp-api\/wp\/v2\/posts"}],"about":[{"href":"https:\/\/colimdo.org\/wp-api\/wp\/v2\/types\/post"}],"author":[{"embeddable":true,"href":"https:\/\/colimdo.org\/wp-api\/wp\/v2\/users\/19"}],"replies":[{"embeddable":true,"href":"https:\/\/colimdo.org\/wp-api\/wp\/v2\/comments?post=56288"}],"version-history":[{"count":1,"href":"https:\/\/colimdo.org\/wp-api\/wp\/v2\/posts\/56288\/revisions"}],"predecessor-version":[{"id":56290,"href":"https:\/\/colimdo.org\/wp-api\/wp\/v2\/posts\/56288\/revisions\/56290"}],"wp:featuredmedia":[{"embeddable":true,"href":"https:\/\/colimdo.org\/wp-api\/wp\/v2\/media\/56289"}],"wp:attachment":[{"href":"https:\/\/colimdo.org\/wp-api\/wp\/v2\/media?parent=56288"}],"wp:term":[{"taxonomy":"category","embeddable":true,"href":"https:\/\/colimdo.org\/wp-api\/wp\/v2\/categories?post=56288"},{"taxonomy":"post_tag","embeddable":true,"href":"https:\/\/colimdo.org\/wp-api\/wp\/v2\/tags?post=56288"}],"curies":[{"name":"wp","href":"https:\/\/api.w.org\/{rel}","templated":true}]}}